{"id":230043,"date":"2026-09-03T10:47:33","date_gmt":"2026-09-03T09:47:33","guid":{"rendered":"https:\/\/rna.ao\/rna.ao\/?p=230043"},"modified":"2026-09-03T10:50:11","modified_gmt":"2026-09-03T09:50:11","slug":"mundial-de-mma-leva-atletas-internacionais-de-19-paises-ao-arena-do-kilamba-em-luanda","status":"publish","type":"post","link":"https:\/\/rna.ao\/rna.ao\/2026\/09\/03\/mundial-de-mma-leva-atletas-internacionais-de-19-paises-ao-arena-do-kilamba-em-luanda\/","title":{"rendered":"Mundial de MMA vai levar ao Arena do Kilamba atletas de 19 pa\u00edses. A competi\u00e7\u00e3o arranca no dia 17 de Setembro"},"content":{"rendered":"<h3><img loading=\"lazy\" class=\"alignnone size-medium wp-image-230044\" src=\"https:\/\/rna.ao\/rna.ao\/wp-content\/uploads\/2026\/09\/1787324244638-1-770x503.png\" alt=\"\" width=\"770\" height=\"503\" srcset=\"https:\/\/rna.ao\/rna.ao\/wp-content\/uploads\/2026\/09\/1787324244638-1-770x503.png 770w, https:\/\/rna.ao\/rna.ao\/wp-content\/uploads\/2026\/09\/1787324244638-1-1170x764.png 1170w, https:\/\/rna.ao\/rna.ao\/wp-content\/uploads\/2026\/09\/1787324244638-1-768x502.png 768w, https:\/\/rna.ao\/rna.ao\/wp-content\/uploads\/2026\/09\/1787324244638-1.png 1274w\" sizes=\"(max-width: 770px) 100vw, 770px\" \/><\/h3>\n<p>O Arena do Kilamba , vai albergar de 17 a 20 de Setembro o IMMAF Angola Dipanda Open World Cup, competi\u00e7\u00e3o internacional de artes marciais (MMA) e que vai juntar atletas de 19 de 20 pa\u00edses.<\/p>\n<p>At\u00e9 o momento est\u00e3o inscritas as delega\u00e7\u00f5es da Arg\u00e9lia, Angola, Brasil, Gana, \u00cdndia, Iraque, Mong\u00f3lia, Pa\u00edses Baixos, Peru, Portugal, Rep\u00fablica do Congo, Rep\u00fablica Democr\u00e1tica do Congo, \u00c1frica do Sul, S\u00edria, Tun\u00edsia, Turquia, Uruguai, Z\u00e2mbia e Zimb\u00e1bwe, que torna o torneio mais internacional.<\/p>\n<div class=\"jsx-2a3b4af8f89fe3c1 group relative rounded-lg sm:rounded-xl shadow-sm border transition-all duration-300 cursor-pointer py-2 sm:py-1 px-2 sm:px-2 bg-white border-gray-100 hover:shadow-md hover:border-primary\/20 hover:bg-primary\/5\">\n<div class=\"jsx-2a3b4af8f89fe3c1 absolute left-0 top-0 bottom-0 w-1 rounded-l-xl transition-opacity duration-300 bg-primary opacity-0 group-hover:opacity-100\">O n\u00famero de pa\u00edses participantes poder\u00e1 ainda aumentar, uma vez que o per\u00edodo oficial de inscri\u00e7\u00f5es encerra no dia 5 de setembro.<\/div>\n<\/div>\n<h3><\/h3>\n<p>&nbsp;<\/p>\n","protected":false},"excerpt":{"rendered":"<p>O Arena do Kilamba , vai albergar de 17 a 20 de Setembro o IMMAF Angola Dipanda Open World Cup, competi\u00e7\u00e3o internacional de artes marciais (MMA) e que vai juntar atletas de 19 de 20 pa\u00edses. At\u00e9 o momento est\u00e3o inscritas as delega\u00e7\u00f5es da Arg\u00e9lia, Angola, Brasil, Gana, \u00cdndia, Iraque, ...<\/p>\n","protected":false},"author":21,"featured_media":230044,"comment_status":"closed","ping_status":"closed","sticky":false,"template":"","format":"standard","meta":[],"categories":[145,125],"tags":[],"_links":{"self":[{"href":"https:\/\/rna.ao\/rna.ao\/wp-json\/wp\/v2\/posts\/230043"}],"collection":[{"href":"https:\/\/rna.ao\/rna.ao\/wp-json\/wp\/v2\/posts"}],"about":[{"href":"https:\/\/rna.ao\/rna.ao\/wp-json\/wp\/v2\/types\/post"}],"author":[{"embeddable":true,"href":"https:\/\/rna.ao\/rna.ao\/wp-json\/wp\/v2\/users\/21"}],"replies":[{"embeddable":true,"href":"https:\/\/rna.ao\/rna.ao\/wp-json\/wp\/v2\/comments?post=230043"}],"version-history":[{"count":3,"href":"https:\/\/rna.ao\/rna.ao\/wp-json\/wp\/v2\/posts\/230043\/revisions"}],"predecessor-version":[{"id":230047,"href":"https:\/\/rna.ao\/rna.ao\/wp-json\/wp\/v2\/posts\/230043\/revisions\/230047"}],"wp:featuredmedia":[{"embeddable":true,"href":"https:\/\/rna.ao\/rna.ao\/wp-json\/wp\/v2\/media\/230044"}],"wp:attachment":[{"href":"https:\/\/rna.ao\/rna.ao\/wp-json\/wp\/v2\/media?parent=230043"}],"wp:term":[{"taxonomy":"category","embeddable":true,"href":"https:\/\/rna.ao\/rna.ao\/wp-json\/wp\/v2\/categories?post=230043"},{"taxonomy":"post_tag","embeddable":true,"href":"https:\/\/rna.ao\/rna.ao\/wp-json\/wp\/v2\/tags?post=230043"}],"curies":[{"name":"wp","href":"https:\/\/api.w.org\/{rel}","templated":true}]}}