{"id":230032,"date":"2026-09-03T10:22:15","date_gmt":"2026-09-03T09:22:15","guid":{"rendered":"https:\/\/rna.ao\/rna.ao\/?p=230032"},"modified":"2026-09-03T10:26:12","modified_gmt":"2026-09-03T09:26:12","slug":"seleccao-nacional-de-andebol-junior-masculina-viaja-hoje-para-abidjan-onde-vai-participar-no-campeonato-africano-da-categoria","status":"publish","type":"post","link":"https:\/\/rna.ao\/rna.ao\/2026\/09\/03\/seleccao-nacional-de-andebol-junior-masculina-viaja-hoje-para-abidjan-onde-vai-participar-no-campeonato-africano-da-categoria\/","title":{"rendered":"Selec\u00e7\u00e3o nacional j\u00fanior masculina de Andebol viaja hoje para Abidjan onde vai participar no campeonato africano da categoria"},"content":{"rendered":"<div class=\"jsx-2a3b4af8f89fe3c1 group relative rounded-lg sm:rounded-xl shadow-sm border transition-all duration-300 cursor-pointer py-2 sm:py-1 px-2 sm:px-2 bg-white border-gray-100 hover:shadow-md hover:border-primary\/20 hover:bg-primary\/5\">\n<div class=\"jsx-2a3b4af8f89fe3c1 flex flex-col sm:flex-row sm:items-center gap-2 sm:gap-3\">\n<div class=\"jsx-2a3b4af8f89fe3c1 flex-1 min-w-0\">\n<p>no<img loading=\"lazy\" class=\"alignnone size-medium wp-image-230038\" src=\"https:\/\/rna.ao\/rna.ao\/wp-content\/uploads\/2026\/09\/WhatsApp-Image-2026-09-03-at-10.06.57-770x471.jpeg\" alt=\"\" width=\"770\" height=\"471\" srcset=\"https:\/\/rna.ao\/rna.ao\/wp-content\/uploads\/2026\/09\/WhatsApp-Image-2026-09-03-at-10.06.57-770x471.jpeg 770w, https:\/\/rna.ao\/rna.ao\/wp-content\/uploads\/2026\/09\/WhatsApp-Image-2026-09-03-at-10.06.57-1170x716.jpeg 1170w, https:\/\/rna.ao\/rna.ao\/wp-content\/uploads\/2026\/09\/WhatsApp-Image-2026-09-03-at-10.06.57-768x470.jpeg 768w, https:\/\/rna.ao\/rna.ao\/wp-content\/uploads\/2026\/09\/WhatsApp-Image-2026-09-03-at-10.06.57.jpeg 1280w\" sizes=\"(max-width: 770px) 100vw, 770px\" \/><\/p>\n<p class=\"jsx-2a3b4af8f89fe3c1 leading-relaxed text-sm transition-colors duration-200 text-left break-words text-gray-800 group-hover:text-gray-900\">A selec\u00e7\u00e3o nacional j\u00fanior masculina de Andebol deixa hoje Luanda, rumo a Abidjan, a capital da Costa do Marfim, onde vai participar no 33 \u00ba campeonato africano da categoria, a decorrer de 3 a 13 deste m\u00eas.<\/p>\n<p class=\"jsx-2a3b4af8f89fe3c1 leading-relaxed text-sm transition-colors duration-200 text-left break-words text-gray-800 group-hover:text-gray-900\">Esta quarta-feira, a comitiva recebeu do Minist\u00e9rio da Juventude e dos Portos os habituais cumprimentos da despedida e a entrega da bandeira nacional.<\/p>\n<\/div>\n<\/div>\n<\/div>\n<div class=\"jsx-2a3b4af8f89fe3c1 group relative rounded-lg sm:rounded-xl shadow-sm border transition-all duration-300 cursor-pointer py-2 sm:py-1 px-2 sm:px-2 bg-white border-gray-100 hover:shadow-md hover:border-primary\/20 hover:bg-primary\/5\">\n<div class=\"jsx-2a3b4af8f89fe3c1 absolute left-0 top-0 bottom-0 w-1 rounded-l-xl transition-opacity duration-300 bg-primary opacity-0 group-hover:opacity-100\">Na cerim\u00f3nia, o t\u00e9cnico nacional Edgar Neto garantiu que a equipa est\u00e1 pronta para superar os advers\u00e1rios da primeira fase a come\u00e7ar j\u00e1 pelo Madag\u00e1scar no s\u00e1bado \u00e0s 11 horas.<\/div>\n<\/div>\n<div class=\"jsx-2a3b4af8f89fe3c1 group relative rounded-lg sm:rounded-xl shadow-sm border transition-all duration-300 cursor-pointer py-2 sm:py-1 px-2 sm:px-2 bg-white border-gray-100 hover:shadow-md hover:border-primary\/20 hover:bg-primary\/5\">\n<div><\/div>\n<div class=\"jsx-2a3b4af8f89fe3c1 absolute left-0 top-0 bottom-0 w-1 rounded-l-xl transition-opacity duration-300 bg-primary opacity-0 group-hover:opacity-100\">A chefe do Departamento do Desporto Federado do Minist\u00e9rio da Juventude e Desportos, Clementina Assis, pediu aos jovens, atletas, empenho e determina\u00e7\u00e3o na representa\u00e7\u00e3o do pa\u00eds.<\/div>\n<div><\/div>\n<div>J\u00e1 o capit\u00e3o da Selec\u00e7\u00e3o Nacional, D\u00e9lcio Isaac Augusto, em nome dos colegas, garantiu que dar\u00e3o o melhor para representar condignamente o pa\u00eds neste 33 \u00ba Campeonato Africano e superarem o 4\u00ba lugar alcan\u00e7ado em Kigali no Ruanda, em 2022.<\/div>\n<\/div>\n","protected":false},"excerpt":{"rendered":"<p>no A selec\u00e7\u00e3o nacional j\u00fanior masculina de Andebol deixa hoje Luanda, rumo a Abidjan, a capital da Costa do Marfim, onde vai participar no 33 \u00ba campeonato africano da categoria, a decorrer de 3 a 13 deste m\u00eas. Esta quarta-feira, a comitiva recebeu do Minist\u00e9rio da Juventude e dos Portos ...<\/p>\n","protected":false},"author":21,"featured_media":230038,"comment_status":"closed","ping_status":"closed","sticky":false,"template":"","format":"standard","meta":[],"categories":[145,125,1],"tags":[],"_links":{"self":[{"href":"https:\/\/rna.ao\/rna.ao\/wp-json\/wp\/v2\/posts\/230032"}],"collection":[{"href":"https:\/\/rna.ao\/rna.ao\/wp-json\/wp\/v2\/posts"}],"about":[{"href":"https:\/\/rna.ao\/rna.ao\/wp-json\/wp\/v2\/types\/post"}],"author":[{"embeddable":true,"href":"https:\/\/rna.ao\/rna.ao\/wp-json\/wp\/v2\/users\/21"}],"replies":[{"embeddable":true,"href":"https:\/\/rna.ao\/rna.ao\/wp-json\/wp\/v2\/comments?post=230032"}],"version-history":[{"count":4,"href":"https:\/\/rna.ao\/rna.ao\/wp-json\/wp\/v2\/posts\/230032\/revisions"}],"predecessor-version":[{"id":230042,"href":"https:\/\/rna.ao\/rna.ao\/wp-json\/wp\/v2\/posts\/230032\/revisions\/230042"}],"wp:featuredmedia":[{"embeddable":true,"href":"https:\/\/rna.ao\/rna.ao\/wp-json\/wp\/v2\/media\/230038"}],"wp:attachment":[{"href":"https:\/\/rna.ao\/rna.ao\/wp-json\/wp\/v2\/media?parent=230032"}],"wp:term":[{"taxonomy":"category","embeddable":true,"href":"https:\/\/rna.ao\/rna.ao\/wp-json\/wp\/v2\/categories?post=230032"},{"taxonomy":"post_tag","embeddable":true,"href":"https:\/\/rna.ao\/rna.ao\/wp-json\/wp\/v2\/tags?post=230032"}],"curies":[{"name":"wp","href":"https:\/\/api.w.org\/{rel}","templated":true}]}}