{"id":230015,"date":"2026-09-03T08:39:41","date_gmt":"2026-09-03T07:39:41","guid":{"rendered":"https:\/\/rna.ao\/rna.ao\/?p=230015"},"modified":"2026-09-03T08:39:41","modified_gmt":"2026-09-03T07:39:41","slug":"pca-do-porto-do-namibe-apresenta-no-cubango-os-desafios-para-impulsionar-a-economia-no-corredor-logistico-do-namibe","status":"publish","type":"post","link":"https:\/\/rna.ao\/rna.ao\/2026\/09\/03\/pca-do-porto-do-namibe-apresenta-no-cubango-os-desafios-para-impulsionar-a-economia-no-corredor-logistico-do-namibe\/","title":{"rendered":"PCA do Porto do Namibe apresenta no Cubango os desafios para impulsionar a economia no corredor log\u00edstico do Namibe"},"content":{"rendered":"<p><img loading=\"lazy\" class=\"alignnone size-medium wp-image-230017\" src=\"https:\/\/rna.ao\/rna.ao\/wp-content\/uploads\/2026\/09\/WhatsApp-Image-2023-08-28-at-22.02.57-770x513.jpeg\" alt=\"\" width=\"770\" height=\"513\" srcset=\"https:\/\/rna.ao\/rna.ao\/wp-content\/uploads\/2026\/09\/WhatsApp-Image-2023-08-28-at-22.02.57-770x513.jpeg 770w, https:\/\/rna.ao\/rna.ao\/wp-content\/uploads\/2026\/09\/WhatsApp-Image-2023-08-28-at-22.02.57-1170x780.jpeg 1170w, https:\/\/rna.ao\/rna.ao\/wp-content\/uploads\/2026\/09\/WhatsApp-Image-2023-08-28-at-22.02.57-768x512.jpeg 768w, https:\/\/rna.ao\/rna.ao\/wp-content\/uploads\/2026\/09\/WhatsApp-Image-2023-08-28-at-22.02.57-1536x1023.jpeg 1536w, https:\/\/rna.ao\/rna.ao\/wp-content\/uploads\/2026\/09\/WhatsApp-Image-2023-08-28-at-22.02.57.jpeg 1600w\" sizes=\"(max-width: 770px) 100vw, 770px\" \/><\/p>\n<p>Prosseguem os trabalhos de moderniza\u00e7\u00e3o do porto do Namibe e do Caminho de<br \/>\nMo\u00e7amedes.<\/p>\n<p>O PCA do Porto do Namibe, apresentou aos empres\u00e1rios da prov\u00edncia do Cubango os desafios para impulsionar a economia no corredor log\u00edstico do Namibe. Jornalista Pelicano Baptista. Clique no \u00e1udio abaixo e ou\u00e7a:<\/p>\n\t<div class=\"qtmplayer-playlist-large\">\n\t\t<ul class=\"qtmplayer-playlist\">\n\t\t\t\n\t\t\t\t\t<li class=\"qtmplayer-trackitem\">\n\t\t<img src=\"https:\/\/rna.ao\/rna.ao\/wp-content\/uploads\/2026\/09\/WhatsApp-Image-2023-08-28-at-22.02.57-100x100.jpeg\" alt=\"cover\">\t\t<span \t\t\tdata-qtmplayer-cover=\"https:\/\/rna.ao\/rna.ao\/wp-content\/uploads\/2026\/09\/WhatsApp-Image-2023-08-28-at-22.02.57-370x370.jpeg\"\n\t\t\t\t\t\tdata-qtmplayer-file=\"https:\/\/rna.ao\/rna.ao\/wp-content\/uploads\/2026\/09\/CUBANGO-CORREDOR-DO-NAMIBE-07HRS.mp3.mp3\"\n\t\t\t\t\t\tdata-qtmplayer-title=\"PCA do Porto do Namibe apresenta no Cubango os desafios para impulsionar a economia no corredor log\u00edstico do Namibe\"\n\t\t\t\t\t\tdata-qtmplayer-artist=\"Patr\u00edcia Campos\"\n\t\t\t\t\t\tdata-qtmplayer-link=\"https:\/\/rna.ao\/rna.ao\/2026\/09\/03\/pca-do-porto-do-namibe-apresenta-no-cubango-os-desafios-para-impulsionar-a-economia-no-corredor-logistico-do-namibe\/\"\n\t\t\t\t\t\tdata-qtmplayer-icon=\"file_download\"\n\t\t\t\t\t\tdata-qtmplayer-type=\"track\"\n\t\t\t class=\"qtmplayer-play qtmplayer-link-sec qtmplayer-play-btn\"><i class='material-icons'>play_arrow<\/i><\/span>\n\t\t<p>\n\t\t\t<span class=\"qtmplayer-tit\">PCA do Porto do Namibe apresenta no Cubango os desafios para impulsionar a economia no corredor log\u00edstico do Namibe<\/span>\n\t\t\t<span class=\"qtmplayer-art\">Patr\u00edcia Campos<\/span>\n\t\t<\/p>\n\t<\/li>\n\t\t<\/ul>\n\t<\/div>\t\t\t\n\t\n<p>&nbsp;<\/p>\n","protected":false},"excerpt":{"rendered":"<p>Prosseguem os trabalhos de moderniza\u00e7\u00e3o do porto do Namibe e do Caminho de Mo\u00e7amedes. O PCA do Porto do Namibe, apresentou aos empres\u00e1rios da prov\u00edncia do Cubango os desafios para impulsionar a economia no corredor log\u00edstico do Namibe. Jornalista Pelicano Baptista. Clique no \u00e1udio abaixo e ou\u00e7a: &nbsp;<\/p>\n","protected":false},"author":21,"featured_media":230017,"comment_status":"closed","ping_status":"closed","sticky":false,"template":"","format":"standard","meta":[],"categories":[142,121,164,163],"tags":[],"_links":{"self":[{"href":"https:\/\/rna.ao\/rna.ao\/wp-json\/wp\/v2\/posts\/230015"}],"collection":[{"href":"https:\/\/rna.ao\/rna.ao\/wp-json\/wp\/v2\/posts"}],"about":[{"href":"https:\/\/rna.ao\/rna.ao\/wp-json\/wp\/v2\/types\/post"}],"author":[{"embeddable":true,"href":"https:\/\/rna.ao\/rna.ao\/wp-json\/wp\/v2\/users\/21"}],"replies":[{"embeddable":true,"href":"https:\/\/rna.ao\/rna.ao\/wp-json\/wp\/v2\/comments?post=230015"}],"version-history":[{"count":1,"href":"https:\/\/rna.ao\/rna.ao\/wp-json\/wp\/v2\/posts\/230015\/revisions"}],"predecessor-version":[{"id":230018,"href":"https:\/\/rna.ao\/rna.ao\/wp-json\/wp\/v2\/posts\/230015\/revisions\/230018"}],"wp:featuredmedia":[{"embeddable":true,"href":"https:\/\/rna.ao\/rna.ao\/wp-json\/wp\/v2\/media\/230017"}],"wp:attachment":[{"href":"https:\/\/rna.ao\/rna.ao\/wp-json\/wp\/v2\/media?parent=230015"}],"wp:term":[{"taxonomy":"category","embeddable":true,"href":"https:\/\/rna.ao\/rna.ao\/wp-json\/wp\/v2\/categories?post=230015"},{"taxonomy":"post_tag","embeddable":true,"href":"https:\/\/rna.ao\/rna.ao\/wp-json\/wp\/v2\/tags?post=230015"}],"curies":[{"name":"wp","href":"https:\/\/api.w.org\/{rel}","templated":true}]}}