{"id":230012,"date":"2026-09-03T08:30:03","date_gmt":"2026-09-03T07:30:03","guid":{"rendered":"https:\/\/rna.ao\/rna.ao\/?p=230012"},"modified":"2026-09-03T08:30:03","modified_gmt":"2026-09-03T07:30:03","slug":"bengo-populacao-de-tres-localidades-do-municipio-do-dande-vao-ter-agua-potavel-nos-proximos-meses","status":"publish","type":"post","link":"https:\/\/rna.ao\/rna.ao\/2026\/09\/03\/bengo-populacao-de-tres-localidades-do-municipio-do-dande-vao-ter-agua-potavel-nos-proximos-meses\/","title":{"rendered":"Bengo: Popula\u00e7\u00e3o de tr\u00eas localidades do Munic\u00edpio do Dande v\u00e3o ter \u00e1gua pot\u00e1vel nos pr\u00f3ximos meses"},"content":{"rendered":"<p><img loading=\"lazy\" class=\"alignnone  wp-image-40854\" src=\"https:\/\/rna.ao\/rna.ao\/wp-content\/uploads\/2021\/10\/Agua-696x348-2.jpg\" alt=\"\" width=\"345\" height=\"268\" \/><\/p>\n<p>A popula\u00e7\u00e3o da A\u00e7ucareira, Paranhos e Vale do Para\u00edso, no Munic\u00edpio do Dande, poder\u00e3o beneficiar de \u00e1gua pot\u00e1vel nos pr\u00f3ximos meses.<br \/>\nNa a\u00e7ucareira, os trabalhos dever\u00e3o estar conclu\u00eddos dentro de tr\u00eas meses, enquanto no Vale do Para\u00edso a conclus\u00e3o da esta\u00e7\u00e3o compacta est\u00e1 prevista para finais deste m\u00eas. Jornalista Vladimiro Afonso. Clique no \u00e1udio abaixo e ou\u00e7a:<\/p>\n\t<div class=\"qtmplayer-playlist-large\">\n\t\t<ul class=\"qtmplayer-playlist\">\n\t\t\t\n\t\t\t\t\t<li class=\"qtmplayer-trackitem\">\n\t\t<img src=\"https:\/\/rna.ao\/rna.ao\/wp-content\/uploads\/2021\/10\/Agua-696x348-2-100x100.jpg\" alt=\"cover\">\t\t<span \t\t\tdata-qtmplayer-cover=\"https:\/\/rna.ao\/rna.ao\/wp-content\/uploads\/2021\/10\/Agua-696x348-2.jpg\"\n\t\t\t\t\t\tdata-qtmplayer-file=\"https:\/\/rna.ao\/rna.ao\/wp-content\/uploads\/2026\/09\/BENGO-AGUA-07HRS.mp3\"\n\t\t\t\t\t\tdata-qtmplayer-title=\"Bengo: Popula\u00e7\u00e3o de tr\u00eas localidades do Munic\u00edpio do Dande v\u00e3o ter \u00e1gua pot\u00e1vel nos pr\u00f3ximos meses\"\n\t\t\t\t\t\tdata-qtmplayer-artist=\"Patr\u00edcia Campos\"\n\t\t\t\t\t\tdata-qtmplayer-link=\"https:\/\/rna.ao\/rna.ao\/2026\/09\/03\/bengo-populacao-de-tres-localidades-do-municipio-do-dande-vao-ter-agua-potavel-nos-proximos-meses\/\"\n\t\t\t\t\t\tdata-qtmplayer-icon=\"file_download\"\n\t\t\t\t\t\tdata-qtmplayer-type=\"track\"\n\t\t\t class=\"qtmplayer-play qtmplayer-link-sec qtmplayer-play-btn\"><i class='material-icons'>play_arrow<\/i><\/span>\n\t\t<p>\n\t\t\t<span class=\"qtmplayer-tit\">Bengo: Popula\u00e7\u00e3o de tr\u00eas localidades do Munic\u00edpio do Dande v\u00e3o ter \u00e1gua pot\u00e1vel nos pr\u00f3ximos meses<\/span>\n\t\t\t<span class=\"qtmplayer-art\">Patr\u00edcia Campos<\/span>\n\t\t<\/p>\n\t<\/li>\n\t\t<\/ul>\n\t<\/div>\t\t\t\n\t\n<p>&nbsp;<\/p>\n","protected":false},"excerpt":{"rendered":"<p>A popula\u00e7\u00e3o da A\u00e7ucareira, Paranhos e Vale do Para\u00edso, no Munic\u00edpio do Dande, poder\u00e3o beneficiar de \u00e1gua pot\u00e1vel nos pr\u00f3ximos meses. Na a\u00e7ucareira, os trabalhos dever\u00e3o estar conclu\u00eddos dentro de tr\u00eas meses, enquanto no Vale do Para\u00edso a conclus\u00e3o da esta\u00e7\u00e3o compacta est\u00e1 prevista para finais deste m\u00eas. Jornalista Vladimiro ...<\/p>\n","protected":false},"author":21,"featured_media":40854,"comment_status":"closed","ping_status":"closed","sticky":false,"template":"","format":"standard","meta":[],"categories":[142,121,164,163],"tags":[],"_links":{"self":[{"href":"https:\/\/rna.ao\/rna.ao\/wp-json\/wp\/v2\/posts\/230012"}],"collection":[{"href":"https:\/\/rna.ao\/rna.ao\/wp-json\/wp\/v2\/posts"}],"about":[{"href":"https:\/\/rna.ao\/rna.ao\/wp-json\/wp\/v2\/types\/post"}],"author":[{"embeddable":true,"href":"https:\/\/rna.ao\/rna.ao\/wp-json\/wp\/v2\/users\/21"}],"replies":[{"embeddable":true,"href":"https:\/\/rna.ao\/rna.ao\/wp-json\/wp\/v2\/comments?post=230012"}],"version-history":[{"count":1,"href":"https:\/\/rna.ao\/rna.ao\/wp-json\/wp\/v2\/posts\/230012\/revisions"}],"predecessor-version":[{"id":230014,"href":"https:\/\/rna.ao\/rna.ao\/wp-json\/wp\/v2\/posts\/230012\/revisions\/230014"}],"wp:featuredmedia":[{"embeddable":true,"href":"https:\/\/rna.ao\/rna.ao\/wp-json\/wp\/v2\/media\/40854"}],"wp:attachment":[{"href":"https:\/\/rna.ao\/rna.ao\/wp-json\/wp\/v2\/media?parent=230012"}],"wp:term":[{"taxonomy":"category","embeddable":true,"href":"https:\/\/rna.ao\/rna.ao\/wp-json\/wp\/v2\/categories?post=230012"},{"taxonomy":"post_tag","embeddable":true,"href":"https:\/\/rna.ao\/rna.ao\/wp-json\/wp\/v2\/tags?post=230012"}],"curies":[{"name":"wp","href":"https:\/\/api.w.org\/{rel}","templated":true}]}}