{"id":229998,"date":"2026-09-02T18:14:33","date_gmt":"2026-09-02T17:14:33","guid":{"rendered":"https:\/\/rna.ao\/rna.ao\/?p=229998"},"modified":"2026-09-02T18:20:11","modified_gmt":"2026-09-02T17:20:11","slug":"provincia-de-benguela-dispoe-de-mais-de-500-vagas-para-ingresso-no-sector-da-educacao","status":"publish","type":"post","link":"https:\/\/rna.ao\/rna.ao\/2026\/09\/02\/provincia-de-benguela-dispoe-de-mais-de-500-vagas-para-ingresso-no-sector-da-educacao\/","title":{"rendered":"Prov\u00edncia de Benguela disp\u00f5e de mais de 500 vagas para ingresso no sector da educa\u00e7\u00e3o"},"content":{"rendered":"<div class=\"jsx-2a3b4af8f89fe3c1 group relative rounded-lg sm:rounded-xl shadow-sm border transition-all duration-300 cursor-pointer py-2 sm:py-1 px-2 sm:px-2 bg-white border-gray-100 hover:shadow-md hover:border-primary\/20 hover:bg-primary\/5\">\n<div class=\"jsx-2a3b4af8f89fe3c1 flex flex-col sm:flex-row sm:items-center gap-2 sm:gap-3\">\n<div class=\"jsx-2a3b4af8f89fe3c1 flex-1 min-w-0\">\n<p><img loading=\"lazy\" class=\"alignnone wp-image-118594\" src=\"https:\/\/rna.ao\/rna.ao\/wp-content\/uploads\/2023\/10\/professores-em-angola.jpg\" alt=\"\" width=\"428\" height=\"217\" \/><\/p>\n<p class=\"jsx-2a3b4af8f89fe3c1 leading-relaxed text-sm transition-colors duration-200 text-left break-words text-gray-800 group-hover:text-gray-900\">Em Benguela, 523 vagas est\u00e3o dispon\u00edveis no concurso p\u00fablico da educa\u00e7\u00e3o na prov\u00edncia de Benguela.<\/p>\n<p class=\"jsx-2a3b4af8f89fe3c1 leading-relaxed text-sm transition-colors duration-200 text-left break-words text-gray-800 group-hover:text-gray-900\">Com este concurso p\u00fablico, o minist\u00e9rio da educa\u00e7\u00e3o abre assim novas oportunidades de ingresso na fun\u00e7\u00e3o p\u00fablica.<\/p>\n<p class=\"jsx-2a3b4af8f89fe3c1 leading-relaxed text-sm transition-colors duration-200 text-left break-words text-gray-800 group-hover:text-gray-900\">O processo pretende refor\u00e7ar os quadros do sector da educa\u00e7\u00e3o.\u00a0 A reportagem \u00e9 com a Maida Cucivella. Clique no \u00e1udio abaixo e ou\u00e7a:<\/p>\n<\/div>\n<\/div>\n<div class=\"jsx-2a3b4af8f89fe3c1 absolute left-0 top-0 bottom-0 w-1 rounded-l-xl transition-opacity duration-300 bg-primary opacity-0 group-hover:opacity-100\">\n\t<div class=\"qtmplayer-playlist-large\">\n\t\t<ul class=\"qtmplayer-playlist\">\n\t\t\t\n\t\t\t\t\t<li class=\"qtmplayer-trackitem\">\n\t\t<img src=\"https:\/\/rna.ao\/rna.ao\/wp-content\/uploads\/2023\/10\/professores-em-angola-100x100.jpg\" alt=\"cover\">\t\t<span \t\t\tdata-qtmplayer-cover=\"https:\/\/rna.ao\/rna.ao\/wp-content\/uploads\/2023\/10\/professores-em-angola.jpg\"\n\t\t\t\t\t\tdata-qtmplayer-file=\"https:\/\/rna.ao\/rna.ao\/wp-content\/uploads\/2026\/09\/MAIDA-CUCIVILLA.mp3\"\n\t\t\t\t\t\tdata-qtmplayer-title=\"Prov\u00edncia de Benguela disp\u00f5e de mais de 500 vagas para ingresso no sector da educa\u00e7\u00e3o\"\n\t\t\t\t\t\tdata-qtmplayer-artist=\"Patr\u00edcia Campos\"\n\t\t\t\t\t\tdata-qtmplayer-link=\"https:\/\/rna.ao\/rna.ao\/2026\/09\/02\/provincia-de-benguela-dispoe-de-mais-de-500-vagas-para-ingresso-no-sector-da-educacao\/\"\n\t\t\t\t\t\tdata-qtmplayer-icon=\"file_download\"\n\t\t\t\t\t\tdata-qtmplayer-type=\"track\"\n\t\t\t class=\"qtmplayer-play qtmplayer-link-sec qtmplayer-play-btn\"><i class='material-icons'>play_arrow<\/i><\/span>\n\t\t<p>\n\t\t\t<span class=\"qtmplayer-tit\">Prov\u00edncia de Benguela disp\u00f5e de mais de 500 vagas para ingresso no sector da educa\u00e7\u00e3o<\/span>\n\t\t\t<span class=\"qtmplayer-art\">Patr\u00edcia Campos<\/span>\n\t\t<\/p>\n\t<\/li>\n\t\t<\/ul>\n\t<\/div>\t\t\t\n\t\n<\/div>\n<\/div>\n","protected":false},"excerpt":{"rendered":"<p>Em Benguela, 523 vagas est\u00e3o dispon\u00edveis no concurso p\u00fablico da educa\u00e7\u00e3o na prov\u00edncia de Benguela. Com este concurso p\u00fablico, o minist\u00e9rio da educa\u00e7\u00e3o abre assim novas oportunidades de ingresso na fun\u00e7\u00e3o p\u00fablica. O processo pretende refor\u00e7ar os quadros do sector da educa\u00e7\u00e3o.\u00a0 A reportagem \u00e9 com a Maida Cucivella. Clique ...<\/p>\n","protected":false},"author":21,"featured_media":118594,"comment_status":"closed","ping_status":"closed","sticky":false,"template":"","format":"standard","meta":[],"categories":[142,121,164,163],"tags":[],"_links":{"self":[{"href":"https:\/\/rna.ao\/rna.ao\/wp-json\/wp\/v2\/posts\/229998"}],"collection":[{"href":"https:\/\/rna.ao\/rna.ao\/wp-json\/wp\/v2\/posts"}],"about":[{"href":"https:\/\/rna.ao\/rna.ao\/wp-json\/wp\/v2\/types\/post"}],"author":[{"embeddable":true,"href":"https:\/\/rna.ao\/rna.ao\/wp-json\/wp\/v2\/users\/21"}],"replies":[{"embeddable":true,"href":"https:\/\/rna.ao\/rna.ao\/wp-json\/wp\/v2\/comments?post=229998"}],"version-history":[{"count":2,"href":"https:\/\/rna.ao\/rna.ao\/wp-json\/wp\/v2\/posts\/229998\/revisions"}],"predecessor-version":[{"id":230002,"href":"https:\/\/rna.ao\/rna.ao\/wp-json\/wp\/v2\/posts\/229998\/revisions\/230002"}],"wp:featuredmedia":[{"embeddable":true,"href":"https:\/\/rna.ao\/rna.ao\/wp-json\/wp\/v2\/media\/118594"}],"wp:attachment":[{"href":"https:\/\/rna.ao\/rna.ao\/wp-json\/wp\/v2\/media?parent=229998"}],"wp:term":[{"taxonomy":"category","embeddable":true,"href":"https:\/\/rna.ao\/rna.ao\/wp-json\/wp\/v2\/categories?post=229998"},{"taxonomy":"post_tag","embeddable":true,"href":"https:\/\/rna.ao\/rna.ao\/wp-json\/wp\/v2\/tags?post=229998"}],"curies":[{"name":"wp","href":"https:\/\/api.w.org\/{rel}","templated":true}]}}