{"id":229982,"date":"2026-09-02T10:30:42","date_gmt":"2026-09-02T09:30:42","guid":{"rendered":"https:\/\/rna.ao\/rna.ao\/?p=229982"},"modified":"2026-09-02T10:30:42","modified_gmt":"2026-09-02T09:30:42","slug":"ministro-das-obras-publicas-urbanismo-e-habitacao-carlos-alberto-dos-santos-assegura-que-ha-dinheiro-para-o-programa-prioritario-de-manutencao-e-conservacao-de-estradas","status":"publish","type":"post","link":"https:\/\/rna.ao\/rna.ao\/2026\/09\/02\/ministro-das-obras-publicas-urbanismo-e-habitacao-carlos-alberto-dos-santos-assegura-que-ha-dinheiro-para-o-programa-prioritario-de-manutencao-e-conservacao-de-estradas\/","title":{"rendered":"Ministro das Obras P\u00fablicas, Urbanismo e Habita\u00e7\u00e3o, Carlos Alberto dos Santos, assegura que h\u00e1 dinheiro para o Programa Priorit\u00e1rio de Manuten\u00e7\u00e3o e Conserva\u00e7\u00e3o de estradas"},"content":{"rendered":"<div class=\"jsx-2a3b4af8f89fe3c1 group relative rounded-lg sm:rounded-xl shadow-sm border transition-all duration-300 cursor-pointer py-2 sm:py-1 px-2 sm:px-2 bg-primary\/10 border-primary\/30 shadow-md ring-2 ring-primary\/20 ring-opacity-50\">\n<div class=\"jsx-2a3b4af8f89fe3c1 flex flex-col sm:flex-row sm:items-center gap-2 sm:gap-3\">\n<div class=\"jsx-2a3b4af8f89fe3c1 flex-1 min-w-0\">\n<p><img loading=\"lazy\" class=\"alignnone size-full wp-image-229984\" src=\"https:\/\/rna.ao\/rna.ao\/wp-content\/uploads\/2026\/09\/6284917_imagem.jpeg\" alt=\"\" width=\"620\" height=\"355\" \/><\/p>\n<p class=\"jsx-2a3b4af8f89fe3c1 leading-relaxed text-sm transition-colors duration-200 text-left break-words text-gray-900 font-medium\">Est\u00e1 lan\u00e7ado o programa priorit\u00e1rio de manuten\u00e7\u00e3o e conserva\u00e7\u00e3o de infraestruturas rodovi\u00e1rias em Angola.<\/p>\n<\/div>\n<\/div>\n<\/div>\n<div class=\"jsx-2a3b4af8f89fe3c1 group relative rounded-lg sm:rounded-xl shadow-sm border transition-all duration-300 cursor-pointer py-2 sm:py-1 px-2 sm:px-2 bg-white border-gray-100 hover:shadow-md hover:border-primary\/20 hover:bg-primary\/5\">\n<div class=\"jsx-2a3b4af8f89fe3c1 flex flex-col sm:flex-row sm:items-center gap-2 sm:gap-3\">\n<div class=\"jsx-2a3b4af8f89fe3c1 flex items-center gap-2 sm:gap-3\">O ministro das Obras P\u00fablicas, Urbanismo e Habita\u00e7\u00e3o lan\u00e7ou, na prov\u00edncia do Cunene, o acto de consigna\u00e7\u00e3o para empreitada. Carlos Alberto dos Santos garantiu que h\u00e1 dinheiro para o investimento na rede de estradas e pontes do pa\u00eds. Jornalista Euclides Tocama. Clique no \u00e1udio abaixo e ou\u00e7a:\t<div class=\"qtmplayer-playlist-large\">\n\t\t<ul class=\"qtmplayer-playlist\">\n\t\t\t\n\t\t\t\t\t<li class=\"qtmplayer-trackitem\">\n\t\t<img src=\"https:\/\/rna.ao\/rna.ao\/wp-content\/uploads\/2026\/09\/6284917_imagem-100x100.jpeg\" alt=\"cover\">\t\t<span \t\t\tdata-qtmplayer-cover=\"https:\/\/rna.ao\/rna.ao\/wp-content\/uploads\/2026\/09\/6284917_imagem.jpeg\"\n\t\t\t\t\t\tdata-qtmplayer-file=\"https:\/\/rna.ao\/rna.ao\/wp-content\/uploads\/2026\/09\/EUCLIDES-TOCAMA-CUNENE.mp3\"\n\t\t\t\t\t\tdata-qtmplayer-title=\"Ministro das Obras P\u00fablicas, Urbanismo e Habita\u00e7\u00e3o, Carlos Alberto dos Santos, assegura que h\u00e1 dinheiro para o Programa Priorit\u00e1rio de Manuten\u00e7\u00e3o e Conserva\u00e7\u00e3o de estradas\"\n\t\t\t\t\t\tdata-qtmplayer-artist=\"Patr\u00edcia Campos\"\n\t\t\t\t\t\tdata-qtmplayer-link=\"https:\/\/rna.ao\/rna.ao\/2026\/09\/02\/ministro-das-obras-publicas-urbanismo-e-habitacao-carlos-alberto-dos-santos-assegura-que-ha-dinheiro-para-o-programa-prioritario-de-manutencao-e-conservacao-de-estradas\/\"\n\t\t\t\t\t\tdata-qtmplayer-icon=\"file_download\"\n\t\t\t\t\t\tdata-qtmplayer-type=\"track\"\n\t\t\t class=\"qtmplayer-play qtmplayer-link-sec qtmplayer-play-btn\"><i class='material-icons'>play_arrow<\/i><\/span>\n\t\t<p>\n\t\t\t<span class=\"qtmplayer-tit\">Ministro das Obras P\u00fablicas, Urbanismo e Habita\u00e7\u00e3o, Carlos Alberto dos Santos, assegura que h\u00e1 dinheiro para o Programa Priorit\u00e1rio de Manuten\u00e7\u00e3o e Conserva\u00e7\u00e3o de estradas<\/span>\n\t\t\t<span class=\"qtmplayer-art\">Patr\u00edcia Campos<\/span>\n\t\t<\/p>\n\t<\/li>\n\t\t<\/ul>\n\t<\/div>\t\t\t\n\t<\/p>\n<\/div>\n<\/div>\n<\/div>\n","protected":false},"excerpt":{"rendered":"<p>Est\u00e1 lan\u00e7ado o programa priorit\u00e1rio de manuten\u00e7\u00e3o e conserva\u00e7\u00e3o de infraestruturas rodovi\u00e1rias em Angola. O ministro das Obras P\u00fablicas, Urbanismo e Habita\u00e7\u00e3o lan\u00e7ou, na prov\u00edncia do Cunene, o acto de consigna\u00e7\u00e3o para empreitada. Carlos Alberto dos Santos garantiu que h\u00e1 dinheiro para o investimento na rede de estradas e pontes ...<\/p>\n","protected":false},"author":21,"featured_media":229984,"comment_status":"closed","ping_status":"closed","sticky":false,"template":"","format":"standard","meta":[],"categories":[142,121,164,163],"tags":[],"_links":{"self":[{"href":"https:\/\/rna.ao\/rna.ao\/wp-json\/wp\/v2\/posts\/229982"}],"collection":[{"href":"https:\/\/rna.ao\/rna.ao\/wp-json\/wp\/v2\/posts"}],"about":[{"href":"https:\/\/rna.ao\/rna.ao\/wp-json\/wp\/v2\/types\/post"}],"author":[{"embeddable":true,"href":"https:\/\/rna.ao\/rna.ao\/wp-json\/wp\/v2\/users\/21"}],"replies":[{"embeddable":true,"href":"https:\/\/rna.ao\/rna.ao\/wp-json\/wp\/v2\/comments?post=229982"}],"version-history":[{"count":1,"href":"https:\/\/rna.ao\/rna.ao\/wp-json\/wp\/v2\/posts\/229982\/revisions"}],"predecessor-version":[{"id":229985,"href":"https:\/\/rna.ao\/rna.ao\/wp-json\/wp\/v2\/posts\/229982\/revisions\/229985"}],"wp:featuredmedia":[{"embeddable":true,"href":"https:\/\/rna.ao\/rna.ao\/wp-json\/wp\/v2\/media\/229984"}],"wp:attachment":[{"href":"https:\/\/rna.ao\/rna.ao\/wp-json\/wp\/v2\/media?parent=229982"}],"wp:term":[{"taxonomy":"category","embeddable":true,"href":"https:\/\/rna.ao\/rna.ao\/wp-json\/wp\/v2\/categories?post=229982"},{"taxonomy":"post_tag","embeddable":true,"href":"https:\/\/rna.ao\/rna.ao\/wp-json\/wp\/v2\/tags?post=229982"}],"curies":[{"name":"wp","href":"https:\/\/api.w.org\/{rel}","templated":true}]}}