{"id":229976,"date":"2026-09-02T10:17:56","date_gmt":"2026-09-02T09:17:56","guid":{"rendered":"https:\/\/rna.ao\/rna.ao\/?p=229976"},"modified":"2026-09-02T10:20:31","modified_gmt":"2026-09-02T09:20:31","slug":"cidade-do-lobito-celebra-113-anos-de-existencia-com-os-olhos-postos-no-desenvolvimento","status":"publish","type":"post","link":"https:\/\/rna.ao\/rna.ao\/2026\/09\/02\/cidade-do-lobito-celebra-113-anos-de-existencia-com-os-olhos-postos-no-desenvolvimento\/","title":{"rendered":"Cidade do Lobito assinala hoje113 anos de exist\u00eancia com homenagem \u00e0s v\u00edtimas das cheias do rio Cavaco"},"content":{"rendered":"<p><img loading=\"lazy\" class=\"alignnone size-full wp-image-120339\" src=\"https:\/\/rna.ao\/rna.ao\/wp-content\/uploads\/2023\/10\/Lobito-cidade.jpg\" alt=\"\" width=\"620\" height=\"355\" \/><\/p>\n<p>A cidade de Lobito celebra hoje, 02 de setembro 113 anos de exist\u00eancia. Os habitantes do Lobito falam de uma cidade em franco crescimento.<\/p>\n<p>Para assinalar os 113 anos do Lobito est\u00e3o programadas v\u00e1rias actividades, entre elas uma homenagem \u00e0s v\u00edtimas das cheias do rio Cavaco.<\/p>\n<p>Jornalista Ananias Bento. Clique no \u00e1udio abaixo e ou\u00e7a:<\/p>\n\t<div class=\"qtmplayer-playlist-large\">\n\t\t<ul class=\"qtmplayer-playlist\">\n\t\t\t\n\t\t\t\t\t<li class=\"qtmplayer-trackitem\">\n\t\t<img src=\"https:\/\/rna.ao\/rna.ao\/wp-content\/uploads\/2023\/10\/Lobito-cidade-100x100.jpg\" alt=\"cover\">\t\t<span \t\t\tdata-qtmplayer-cover=\"https:\/\/rna.ao\/rna.ao\/wp-content\/uploads\/2023\/10\/Lobito-cidade.jpg\"\n\t\t\t\t\t\tdata-qtmplayer-file=\"https:\/\/rna.ao\/rna.ao\/wp-content\/uploads\/2026\/09\/ANANIAS-BENTO.mp3\"\n\t\t\t\t\t\tdata-qtmplayer-title=\"Cidade do Lobito assinala hoje113 anos de exist\u00eancia com homenagem \u00e0s v\u00edtimas das cheias do rio Cavaco\"\n\t\t\t\t\t\tdata-qtmplayer-artist=\"Patr\u00edcia Campos\"\n\t\t\t\t\t\tdata-qtmplayer-link=\"https:\/\/rna.ao\/rna.ao\/2026\/09\/02\/cidade-do-lobito-celebra-113-anos-de-existencia-com-os-olhos-postos-no-desenvolvimento\/\"\n\t\t\t\t\t\tdata-qtmplayer-icon=\"file_download\"\n\t\t\t\t\t\tdata-qtmplayer-type=\"track\"\n\t\t\t class=\"qtmplayer-play qtmplayer-link-sec qtmplayer-play-btn\"><i class='material-icons'>play_arrow<\/i><\/span>\n\t\t<p>\n\t\t\t<span class=\"qtmplayer-tit\">Cidade do Lobito assinala hoje113 anos de exist\u00eancia com homenagem \u00e0s v\u00edtimas das cheias do rio Cavaco<\/span>\n\t\t\t<span class=\"qtmplayer-art\">Patr\u00edcia Campos<\/span>\n\t\t<\/p>\n\t<\/li>\n\t\t<\/ul>\n\t<\/div>\t\t\t\n\t\n","protected":false},"excerpt":{"rendered":"<p>A cidade de Lobito celebra hoje, 02 de setembro 113 anos de exist\u00eancia. Os habitantes do Lobito falam de uma cidade em franco crescimento. Para assinalar os 113 anos do Lobito est\u00e3o programadas v\u00e1rias actividades, entre elas uma homenagem \u00e0s v\u00edtimas das cheias do rio Cavaco. Jornalista Ananias Bento. Clique ...<\/p>\n","protected":false},"author":21,"featured_media":120339,"comment_status":"closed","ping_status":"closed","sticky":false,"template":"","format":"standard","meta":[],"categories":[142,121,164,163],"tags":[],"_links":{"self":[{"href":"https:\/\/rna.ao\/rna.ao\/wp-json\/wp\/v2\/posts\/229976"}],"collection":[{"href":"https:\/\/rna.ao\/rna.ao\/wp-json\/wp\/v2\/posts"}],"about":[{"href":"https:\/\/rna.ao\/rna.ao\/wp-json\/wp\/v2\/types\/post"}],"author":[{"embeddable":true,"href":"https:\/\/rna.ao\/rna.ao\/wp-json\/wp\/v2\/users\/21"}],"replies":[{"embeddable":true,"href":"https:\/\/rna.ao\/rna.ao\/wp-json\/wp\/v2\/comments?post=229976"}],"version-history":[{"count":3,"href":"https:\/\/rna.ao\/rna.ao\/wp-json\/wp\/v2\/posts\/229976\/revisions"}],"predecessor-version":[{"id":229981,"href":"https:\/\/rna.ao\/rna.ao\/wp-json\/wp\/v2\/posts\/229976\/revisions\/229981"}],"wp:featuredmedia":[{"embeddable":true,"href":"https:\/\/rna.ao\/rna.ao\/wp-json\/wp\/v2\/media\/120339"}],"wp:attachment":[{"href":"https:\/\/rna.ao\/rna.ao\/wp-json\/wp\/v2\/media?parent=229976"}],"wp:term":[{"taxonomy":"category","embeddable":true,"href":"https:\/\/rna.ao\/rna.ao\/wp-json\/wp\/v2\/categories?post=229976"},{"taxonomy":"post_tag","embeddable":true,"href":"https:\/\/rna.ao\/rna.ao\/wp-json\/wp\/v2\/tags?post=229976"}],"curies":[{"name":"wp","href":"https:\/\/api.w.org\/{rel}","templated":true}]}}