{"id":229956,"date":"2026-09-02T09:23:35","date_gmt":"2026-09-02T08:23:35","guid":{"rendered":"https:\/\/rna.ao\/rna.ao\/?p=229956"},"modified":"2026-09-02T09:19:11","modified_gmt":"2026-09-02T08:19:11","slug":"barragens-do-ndue-e-calucuve-entram-em-funcionamento-nos-proximos-dias-produtores-afirmam-que-as-duas-infraestruturas-vao-impulsionar-o-desenvolvimento-da-agricultura-e-pecuaria-na-regiao","status":"publish","type":"post","link":"https:\/\/rna.ao\/rna.ao\/2026\/09\/02\/barragens-do-ndue-e-calucuve-entram-em-funcionamento-nos-proximos-dias-produtores-afirmam-que-as-duas-infraestruturas-vao-impulsionar-o-desenvolvimento-da-agricultura-e-pecuaria-na-regiao\/","title":{"rendered":"Barragens do Nd\u00fae e Kalucuve entram em funcionamento nos pr\u00f3ximos dias. Produtores afirmam que as duas infraestruturas v\u00e3o impulsionar o desenvolvimento da agricultura e pecu\u00e1ria na regi\u00e3o"},"content":{"rendered":"<div class=\"jsx-2a3b4af8f89fe3c1 group relative rounded-lg sm:rounded-xl shadow-sm border transition-all duration-300 cursor-pointer py-2 sm:py-1 px-2 sm:px-2 bg-white border-gray-100 hover:shadow-md hover:border-primary\/20 hover:bg-primary\/5\">\n<div class=\"jsx-2a3b4af8f89fe3c1 flex flex-col sm:flex-row sm:items-center gap-2 sm:gap-3\">\n<div class=\"jsx-2a3b4af8f89fe3c1 flex-1 min-w-0\">\n<p><img loading=\"lazy\" class=\"alignnone size-full wp-image-229958\" src=\"https:\/\/rna.ao\/rna.ao\/wp-content\/uploads\/2026\/09\/barragens_1505228388616534734fad1.jpg\" alt=\"\" width=\"620\" height=\"355\" \/><\/p>\n<p class=\"jsx-2a3b4af8f89fe3c1 leading-relaxed text-sm transition-colors duration-200 text-left break-words text-gray-800 group-hover:text-gray-900\">Nos pr\u00f3ximos dias entram em funcionamento as barragens do Nd\u00fae e Kalucuve na prov\u00edncia do Cunene.<\/p>\n<\/div>\n<\/div>\n<div class=\"jsx-2a3b4af8f89fe3c1 absolute left-0 top-0 bottom-0 w-1 rounded-l-xl transition-opacity duration-300 bg-primary opacity-0 group-hover:opacity-100\">Os produtores afirmam que as duas infraestruturas v\u00e3o permitir que a pr\u00e1tica da agricultura e da pecu\u00e1ria ganhem um novo impulso.<\/div>\n<\/div>\n<div class=\"jsx-2a3b4af8f89fe3c1 group relative rounded-lg sm:rounded-xl shadow-sm border transition-all duration-300 cursor-pointer py-2 sm:py-1 px-2 sm:px-2 bg-white border-gray-100 hover:shadow-md hover:border-primary\/20 hover:bg-primary\/5\"><\/div>\n<div class=\"jsx-2a3b4af8f89fe3c1 group relative rounded-lg sm:rounded-xl shadow-sm border transition-all duration-300 cursor-pointer py-2 sm:py-1 px-2 sm:px-2 bg-white border-gray-100 hover:shadow-md hover:border-primary\/20 hover:bg-primary\/5\">\n<div class=\"jsx-2a3b4af8f89fe3c1 flex flex-col sm:flex-row sm:items-center gap-2 sm:gap-3\">\n<div><\/div>\n<div class=\"jsx-2a3b4af8f89fe3c1 flex items-center gap-2 sm:gap-3\">\n<p>Jornalista Euclides Tocama. Clique no \u00e1udio abaixo e ou\u00e7a:<\/p>\n\t<div class=\"qtmplayer-playlist-large\">\n\t\t<ul class=\"qtmplayer-playlist\">\n\t\t\t\n\t\t\t\t\t<li class=\"qtmplayer-trackitem\">\n\t\t<img src=\"https:\/\/rna.ao\/rna.ao\/wp-content\/uploads\/2026\/09\/barragens_1505228388616534734fad1-100x100.jpg\" alt=\"cover\">\t\t<span \t\t\tdata-qtmplayer-cover=\"https:\/\/rna.ao\/rna.ao\/wp-content\/uploads\/2026\/09\/barragens_1505228388616534734fad1.jpg\"\n\t\t\t\t\t\tdata-qtmplayer-file=\"https:\/\/rna.ao\/rna.ao\/wp-content\/uploads\/2026\/09\/EUCLIDES-TOCAMA.mp3\"\n\t\t\t\t\t\tdata-qtmplayer-title=\"Barragens do Nd\u00fae e Kalucuve entram em funcionamento nos pr\u00f3ximos dias. Produtores afirmam que as duas infraestruturas v\u00e3o impulsionar o desenvolvimento da agricultura e pecu\u00e1ria na regi\u00e3o\"\n\t\t\t\t\t\tdata-qtmplayer-artist=\"Patr\u00edcia Campos\"\n\t\t\t\t\t\tdata-qtmplayer-link=\"https:\/\/rna.ao\/rna.ao\/2026\/09\/02\/barragens-do-ndue-e-calucuve-entram-em-funcionamento-nos-proximos-dias-produtores-afirmam-que-as-duas-infraestruturas-vao-impulsionar-o-desenvolvimento-da-agricultura-e-pecuaria-na-regiao\/\"\n\t\t\t\t\t\tdata-qtmplayer-icon=\"file_download\"\n\t\t\t\t\t\tdata-qtmplayer-type=\"track\"\n\t\t\t class=\"qtmplayer-play qtmplayer-link-sec qtmplayer-play-btn\"><i class='material-icons'>play_arrow<\/i><\/span>\n\t\t<p>\n\t\t\t<span class=\"qtmplayer-tit\">Barragens do Nd\u00fae e Kalucuve entram em funcionamento nos pr\u00f3ximos dias. Produtores afirmam que as duas infraestruturas v\u00e3o impulsionar o desenvolvimento da agricultura e pecu\u00e1ria na regi\u00e3o<\/span>\n\t\t\t<span class=\"qtmplayer-art\">Patr\u00edcia Campos<\/span>\n\t\t<\/p>\n\t<\/li>\n\t\t<\/ul>\n\t<\/div>\t\t\t\n\t\n<\/div>\n<\/div>\n<\/div>\n","protected":false},"excerpt":{"rendered":"<p>Nos pr\u00f3ximos dias entram em funcionamento as barragens do Nd\u00fae e Kalucuve na prov\u00edncia do Cunene. Os produtores afirmam que as duas infraestruturas v\u00e3o permitir que a pr\u00e1tica da agricultura e da pecu\u00e1ria ganhem um novo impulso. Jornalista Euclides Tocama. Clique no \u00e1udio abaixo e ou\u00e7a:<\/p>\n","protected":false},"author":21,"featured_media":229958,"comment_status":"closed","ping_status":"closed","sticky":false,"template":"","format":"standard","meta":[],"categories":[142,121,164,163],"tags":[],"_links":{"self":[{"href":"https:\/\/rna.ao\/rna.ao\/wp-json\/wp\/v2\/posts\/229956"}],"collection":[{"href":"https:\/\/rna.ao\/rna.ao\/wp-json\/wp\/v2\/posts"}],"about":[{"href":"https:\/\/rna.ao\/rna.ao\/wp-json\/wp\/v2\/types\/post"}],"author":[{"embeddable":true,"href":"https:\/\/rna.ao\/rna.ao\/wp-json\/wp\/v2\/users\/21"}],"replies":[{"embeddable":true,"href":"https:\/\/rna.ao\/rna.ao\/wp-json\/wp\/v2\/comments?post=229956"}],"version-history":[{"count":2,"href":"https:\/\/rna.ao\/rna.ao\/wp-json\/wp\/v2\/posts\/229956\/revisions"}],"predecessor-version":[{"id":229960,"href":"https:\/\/rna.ao\/rna.ao\/wp-json\/wp\/v2\/posts\/229956\/revisions\/229960"}],"wp:featuredmedia":[{"embeddable":true,"href":"https:\/\/rna.ao\/rna.ao\/wp-json\/wp\/v2\/media\/229958"}],"wp:attachment":[{"href":"https:\/\/rna.ao\/rna.ao\/wp-json\/wp\/v2\/media?parent=229956"}],"wp:term":[{"taxonomy":"category","embeddable":true,"href":"https:\/\/rna.ao\/rna.ao\/wp-json\/wp\/v2\/categories?post=229956"},{"taxonomy":"post_tag","embeddable":true,"href":"https:\/\/rna.ao\/rna.ao\/wp-json\/wp\/v2\/tags?post=229956"}],"curies":[{"name":"wp","href":"https:\/\/api.w.org\/{rel}","templated":true}]}}