{"id":229951,"date":"2026-09-02T09:22:11","date_gmt":"2026-09-02T08:22:11","guid":{"rendered":"https:\/\/rna.ao\/rna.ao\/?p=229951"},"modified":"2026-09-02T09:19:53","modified_gmt":"2026-09-02T08:19:53","slug":"escolas-da-provincia-do-huambo-reforcadas-com-novos-meios-para-o-presente-ano-lectivo","status":"publish","type":"post","link":"https:\/\/rna.ao\/rna.ao\/2026\/09\/02\/escolas-da-provincia-do-huambo-reforcadas-com-novos-meios-para-o-presente-ano-lectivo\/","title":{"rendered":"Escolas da prov\u00edncia do Huambo refor\u00e7adas com novos meios para o ano lectivo 2026-2027"},"content":{"rendered":"<div class=\"jsx-2a3b4af8f89fe3c1 group relative rounded-lg sm:rounded-xl shadow-sm border transition-all duration-300 cursor-pointer py-2 sm:py-1 px-2 sm:px-2 bg-white border-gray-100 hover:shadow-md hover:border-primary\/20 hover:bg-primary\/5\">\n<div class=\"jsx-2a3b4af8f89fe3c1 flex flex-col sm:flex-row sm:items-center gap-2 sm:gap-3\">\n<div class=\"jsx-2a3b4af8f89fe3c1 flex-1 min-w-0\">\n<p><img loading=\"lazy\" class=\"alignnone size-full wp-image-152978\" src=\"https:\/\/rna.ao\/rna.ao\/wp-content\/uploads\/2024\/08\/governo-oferece-carteiras-escolar-ofertas.jpg\" alt=\"\" width=\"750\" height=\"380\" \/><\/p>\n<p class=\"jsx-2a3b4af8f89fe3c1 leading-relaxed text-sm transition-colors duration-200 text-left break-words text-gray-800 group-hover:text-gray-900\">Escolas da prov\u00edncia do Huambo foram refor\u00e7adas com novos meios para o ano lectivo 2026-2027.<\/p>\n<\/div>\n<\/div>\n<div class=\"jsx-2a3b4af8f89fe3c1 absolute left-0 top-0 bottom-0 w-1 rounded-l-xl transition-opacity duration-300 bg-primary opacity-0 group-hover:opacity-100\">\n<p>Entre os meios constam mais de 20 mil carteiras entregues pela Ministra da Educa\u00e7\u00e3o, Erika de Carvalho Aires. Jornalista Francelino Pedro. Clique no \u00e1udio abaixo e ou\u00e7a:<\/p>\n\t<div class=\"qtmplayer-playlist-large\">\n\t\t<ul class=\"qtmplayer-playlist\">\n\t\t\t\n\t\t\t\t\t<li class=\"qtmplayer-trackitem\">\n\t\t<img src=\"https:\/\/rna.ao\/rna.ao\/wp-content\/uploads\/2024\/08\/governo-oferece-carteiras-escolar-ofertas-100x100.jpg\" alt=\"cover\">\t\t<span \t\t\tdata-qtmplayer-cover=\"https:\/\/rna.ao\/rna.ao\/wp-content\/uploads\/2024\/08\/governo-oferece-carteiras-escolar-ofertas-370x370.jpg\"\n\t\t\t\t\t\tdata-qtmplayer-file=\"https:\/\/rna.ao\/rna.ao\/wp-content\/uploads\/2026\/09\/FRANCELINO-PEDRO.mp3\"\n\t\t\t\t\t\tdata-qtmplayer-title=\"Escolas da prov\u00edncia do Huambo refor\u00e7adas com novos meios para o ano lectivo 2026-2027\"\n\t\t\t\t\t\tdata-qtmplayer-artist=\"Patr\u00edcia Campos\"\n\t\t\t\t\t\tdata-qtmplayer-link=\"https:\/\/rna.ao\/rna.ao\/2026\/09\/02\/escolas-da-provincia-do-huambo-reforcadas-com-novos-meios-para-o-presente-ano-lectivo\/\"\n\t\t\t\t\t\tdata-qtmplayer-icon=\"file_download\"\n\t\t\t\t\t\tdata-qtmplayer-type=\"track\"\n\t\t\t class=\"qtmplayer-play qtmplayer-link-sec qtmplayer-play-btn\"><i class='material-icons'>play_arrow<\/i><\/span>\n\t\t<p>\n\t\t\t<span class=\"qtmplayer-tit\">Escolas da prov\u00edncia do Huambo refor\u00e7adas com novos meios para o ano lectivo 2026-2027<\/span>\n\t\t\t<span class=\"qtmplayer-art\">Patr\u00edcia Campos<\/span>\n\t\t<\/p>\n\t<\/li>\n\t\t<\/ul>\n\t<\/div>\t\t\t\n\t\n<\/div>\n<\/div>\n","protected":false},"excerpt":{"rendered":"<p>Escolas da prov\u00edncia do Huambo foram refor\u00e7adas com novos meios para o ano lectivo 2026-2027. Entre os meios constam mais de 20 mil carteiras entregues pela Ministra da Educa\u00e7\u00e3o, Erika de Carvalho Aires. Jornalista Francelino Pedro. Clique no \u00e1udio abaixo e ou\u00e7a:<\/p>\n","protected":false},"author":21,"featured_media":152978,"comment_status":"closed","ping_status":"closed","sticky":false,"template":"","format":"standard","meta":[],"categories":[142,121,164,163],"tags":[],"_links":{"self":[{"href":"https:\/\/rna.ao\/rna.ao\/wp-json\/wp\/v2\/posts\/229951"}],"collection":[{"href":"https:\/\/rna.ao\/rna.ao\/wp-json\/wp\/v2\/posts"}],"about":[{"href":"https:\/\/rna.ao\/rna.ao\/wp-json\/wp\/v2\/types\/post"}],"author":[{"embeddable":true,"href":"https:\/\/rna.ao\/rna.ao\/wp-json\/wp\/v2\/users\/21"}],"replies":[{"embeddable":true,"href":"https:\/\/rna.ao\/rna.ao\/wp-json\/wp\/v2\/comments?post=229951"}],"version-history":[{"count":3,"href":"https:\/\/rna.ao\/rna.ao\/wp-json\/wp\/v2\/posts\/229951\/revisions"}],"predecessor-version":[{"id":229955,"href":"https:\/\/rna.ao\/rna.ao\/wp-json\/wp\/v2\/posts\/229951\/revisions\/229955"}],"wp:featuredmedia":[{"embeddable":true,"href":"https:\/\/rna.ao\/rna.ao\/wp-json\/wp\/v2\/media\/152978"}],"wp:attachment":[{"href":"https:\/\/rna.ao\/rna.ao\/wp-json\/wp\/v2\/media?parent=229951"}],"wp:term":[{"taxonomy":"category","embeddable":true,"href":"https:\/\/rna.ao\/rna.ao\/wp-json\/wp\/v2\/categories?post=229951"},{"taxonomy":"post_tag","embeddable":true,"href":"https:\/\/rna.ao\/rna.ao\/wp-json\/wp\/v2\/tags?post=229951"}],"curies":[{"name":"wp","href":"https:\/\/api.w.org\/{rel}","templated":true}]}}