{"id":229948,"date":"2026-09-02T09:21:54","date_gmt":"2026-09-02T08:21:54","guid":{"rendered":"https:\/\/rna.ao\/rna.ao\/?p=229948"},"modified":"2026-09-02T09:20:31","modified_gmt":"2026-09-02T08:20:31","slug":"autoridades-de-saude-no-golungo-alto-reforcam-accoes-de-prevencao-do-hiv-nas-comunidades-devido-ao-aumento-de-casos-da-doenca-naquela-regiao","status":"publish","type":"post","link":"https:\/\/rna.ao\/rna.ao\/2026\/09\/02\/autoridades-de-saude-no-golungo-alto-reforcam-accoes-de-prevencao-do-hiv-nas-comunidades-devido-ao-aumento-de-casos-da-doenca-naquela-regiao\/","title":{"rendered":"Autoridades de sa\u00fade no Golungo Alto refor\u00e7am ac\u00e7\u00f5es de preven\u00e7\u00e3o do vih-sida nas comunidades devido ao aumento de casos da doen\u00e7a naquela regi\u00e3o"},"content":{"rendered":"<div class=\"jsx-2a3b4af8f89fe3c1 group relative rounded-lg sm:rounded-xl shadow-sm border transition-all duration-300 cursor-pointer py-2 sm:py-1 px-2 sm:px-2 bg-white border-gray-100 hover:shadow-md hover:border-primary\/20 hover:bg-primary\/5\">\n<div class=\"jsx-2a3b4af8f89fe3c1 flex flex-col sm:flex-row sm:items-center gap-2 sm:gap-3\">\n<div class=\"jsx-2a3b4af8f89fe3c1 flex-1 min-w-0\">\n<p><img loading=\"lazy\" class=\"alignnone size-full wp-image-12395\" src=\"https:\/\/rna.ao\/rna.ao\/wp-content\/uploads\/2020\/12\/HIV-Sida.jpg\" alt=\"\" width=\"308\" height=\"173\" \/><\/p>\n<p class=\"jsx-2a3b4af8f89fe3c1 leading-relaxed text-sm transition-colors duration-200 text-left break-words text-gray-800 group-hover:text-gray-900\">No Cuanza-Norte, as autoridades sanit\u00e1rias no Golungo Alto est\u00e3o preocupadas com o aumento dos casos de HIV Sida na regi\u00e3o.<\/p>\n<p class=\"jsx-2a3b4af8f89fe3c1 leading-relaxed text-sm transition-colors duration-200 text-left break-words text-gray-800 group-hover:text-gray-900\">No primeiro semestre deste ano foram registados 12 casos positivos e dois \u00f3bitos, segundo as autoridades de sa\u00fade.<\/p>\n<\/div>\n<\/div>\n<\/div>\n<div class=\"jsx-2a3b4af8f89fe3c1 group relative rounded-lg sm:rounded-xl shadow-sm border transition-all duration-300 cursor-pointer py-2 sm:py-1 px-2 sm:px-2 bg-white border-gray-100 hover:shadow-md hover:border-primary\/20 hover:bg-primary\/5\">\n<div class=\"jsx-2a3b4af8f89fe3c1 flex flex-col sm:flex-row sm:items-center gap-2 sm:gap-3\">\n<div class=\"jsx-2a3b4af8f89fe3c1 flex items-center gap-2 sm:gap-3\">\n<p>Nesta altura est\u00e3o a ser realizadas v\u00e1rias ac\u00e7\u00f5es de preven\u00e7\u00e3o nas comunidades para travar o avan\u00e7o da doen\u00e7a. Jornalista Ant\u00f3nio Jos\u00e9. Clique no \u00e1udio abaixo e ou\u00e7a:<\/p>\n\t<div class=\"qtmplayer-playlist-large\">\n\t\t<ul class=\"qtmplayer-playlist\">\n\t\t\t\n\t\t\t\t\t<li class=\"qtmplayer-trackitem\">\n\t\t<img src=\"https:\/\/rna.ao\/rna.ao\/wp-content\/uploads\/2020\/12\/HIV-Sida-100x100.jpg\" alt=\"cover\">\t\t<span \t\t\tdata-qtmplayer-cover=\"https:\/\/rna.ao\/rna.ao\/wp-content\/uploads\/2020\/12\/HIV-Sida.jpg\"\n\t\t\t\t\t\tdata-qtmplayer-file=\"https:\/\/rna.ao\/rna.ao\/wp-content\/uploads\/2026\/09\/ANTONIO-JOSE.mp3\"\n\t\t\t\t\t\tdata-qtmplayer-title=\"Autoridades de sa\u00fade no Golungo Alto refor\u00e7am ac\u00e7\u00f5es de preven\u00e7\u00e3o do vih-sida nas comunidades devido ao aumento de casos da doen\u00e7a naquela regi\u00e3o\"\n\t\t\t\t\t\tdata-qtmplayer-artist=\"Patr\u00edcia Campos\"\n\t\t\t\t\t\tdata-qtmplayer-link=\"https:\/\/rna.ao\/rna.ao\/2026\/09\/02\/autoridades-de-saude-no-golungo-alto-reforcam-accoes-de-prevencao-do-hiv-nas-comunidades-devido-ao-aumento-de-casos-da-doenca-naquela-regiao\/\"\n\t\t\t\t\t\tdata-qtmplayer-icon=\"file_download\"\n\t\t\t\t\t\tdata-qtmplayer-type=\"track\"\n\t\t\t class=\"qtmplayer-play qtmplayer-link-sec qtmplayer-play-btn\"><i class='material-icons'>play_arrow<\/i><\/span>\n\t\t<p>\n\t\t\t<span class=\"qtmplayer-tit\">Autoridades de sa\u00fade no Golungo Alto refor\u00e7am ac\u00e7\u00f5es de preven\u00e7\u00e3o do vih-sida nas comunidades devido ao aumento de casos da doen\u00e7a naquela regi\u00e3o<\/span>\n\t\t\t<span class=\"qtmplayer-art\">Patr\u00edcia Campos<\/span>\n\t\t<\/p>\n\t<\/li>\n\t\t<\/ul>\n\t<\/div>\t\t\t\n\t\n<\/div>\n<\/div>\n<\/div>\n","protected":false},"excerpt":{"rendered":"<p>No Cuanza-Norte, as autoridades sanit\u00e1rias no Golungo Alto est\u00e3o preocupadas com o aumento dos casos de HIV Sida na regi\u00e3o. No primeiro semestre deste ano foram registados 12 casos positivos e dois \u00f3bitos, segundo as autoridades de sa\u00fade. Nesta altura est\u00e3o a ser realizadas v\u00e1rias ac\u00e7\u00f5es de preven\u00e7\u00e3o nas comunidades ...<\/p>\n","protected":false},"author":21,"featured_media":12395,"comment_status":"closed","ping_status":"closed","sticky":false,"template":"","format":"standard","meta":[],"categories":[142,121,164,163],"tags":[],"_links":{"self":[{"href":"https:\/\/rna.ao\/rna.ao\/wp-json\/wp\/v2\/posts\/229948"}],"collection":[{"href":"https:\/\/rna.ao\/rna.ao\/wp-json\/wp\/v2\/posts"}],"about":[{"href":"https:\/\/rna.ao\/rna.ao\/wp-json\/wp\/v2\/types\/post"}],"author":[{"embeddable":true,"href":"https:\/\/rna.ao\/rna.ao\/wp-json\/wp\/v2\/users\/21"}],"replies":[{"embeddable":true,"href":"https:\/\/rna.ao\/rna.ao\/wp-json\/wp\/v2\/comments?post=229948"}],"version-history":[{"count":5,"href":"https:\/\/rna.ao\/rna.ao\/wp-json\/wp\/v2\/posts\/229948\/revisions"}],"predecessor-version":[{"id":229966,"href":"https:\/\/rna.ao\/rna.ao\/wp-json\/wp\/v2\/posts\/229948\/revisions\/229966"}],"wp:featuredmedia":[{"embeddable":true,"href":"https:\/\/rna.ao\/rna.ao\/wp-json\/wp\/v2\/media\/12395"}],"wp:attachment":[{"href":"https:\/\/rna.ao\/rna.ao\/wp-json\/wp\/v2\/media?parent=229948"}],"wp:term":[{"taxonomy":"category","embeddable":true,"href":"https:\/\/rna.ao\/rna.ao\/wp-json\/wp\/v2\/categories?post=229948"},{"taxonomy":"post_tag","embeddable":true,"href":"https:\/\/rna.ao\/rna.ao\/wp-json\/wp\/v2\/tags?post=229948"}],"curies":[{"name":"wp","href":"https:\/\/api.w.org\/{rel}","templated":true}]}}