{"id":229938,"date":"2026-09-01T19:41:44","date_gmt":"2026-09-01T18:41:44","guid":{"rendered":"https:\/\/rna.ao\/rna.ao\/?p=229938"},"modified":"2026-09-01T19:44:37","modified_gmt":"2026-09-01T18:44:37","slug":"provincia-do-cuanza-sul-vai-ganhar-novas-infraestruturas-sociais-no-quadro-das-jornadas-comemorativas-do-dia-do-heroi-nacional","status":"publish","type":"post","link":"https:\/\/rna.ao\/rna.ao\/2026\/09\/01\/provincia-do-cuanza-sul-vai-ganhar-novas-infraestruturas-sociais-no-quadro-das-jornadas-comemorativas-do-dia-do-heroi-nacional\/","title":{"rendered":"Prov\u00edncia do Cuanza-Sul vai ganhar novas infraestruturas sociais no quadro das jornadas comemorativas do 17 de Setembro"},"content":{"rendered":"<div class=\"jsx-2a3b4af8f89fe3c1 group relative rounded-lg sm:rounded-xl shadow-sm border transition-all duration-300 cursor-pointer py-2 sm:py-1 px-2 sm:px-2 bg-white border-gray-100 hover:shadow-md hover:border-primary\/20 hover:bg-primary\/5\">\n<div class=\"jsx-2a3b4af8f89fe3c1 flex flex-col sm:flex-row sm:items-center gap-2 sm:gap-3\">\n<div class=\"jsx-2a3b4af8f89fe3c1 flex-1 min-w-0\">\n<p><img loading=\"lazy\" class=\"alignnone size-full wp-image-116681\" src=\"https:\/\/rna.ao\/rna.ao\/wp-content\/uploads\/2023\/09\/Agostinho-Neto.jpg\" alt=\"\" width=\"432\" height=\"288\" \/><\/p>\n<p class=\"jsx-2a3b4af8f89fe3c1 leading-relaxed text-sm transition-colors duration-200 text-left break-words text-gray-800 group-hover:text-gray-900\">A prov\u00edncia do Cuanza-Sul vai ganhar ainda este m\u00eas novas infraestruturas sociais para melhor atender as necessidades dos cidad\u00e3os.<\/p>\n<\/div>\n<\/div>\n<\/div>\n<div class=\"jsx-2a3b4af8f89fe3c1 group relative rounded-lg sm:rounded-xl shadow-sm border transition-all duration-300 cursor-pointer py-2 sm:py-1 px-2 sm:px-2 bg-white border-gray-100 hover:shadow-md hover:border-primary\/20 hover:bg-primary\/5\">\n<div class=\"jsx-2a3b4af8f89fe3c1 flex flex-col sm:flex-row sm:items-center gap-2 sm:gap-3\">\n<div class=\"jsx-2a3b4af8f89fe3c1 flex items-center gap-2 sm:gap-3\">\n<p>O an\u00fancio vem do Minist\u00e9rio da Administra\u00e7\u00e3o do Territ\u00f3rio, que abriu hoje em todo o pa\u00eds as jornadas para saudar os 104 anos de Ant\u00f3nio Agostinho Neto. Jornalista Fowen Macanja. Clique no \u00e1udio abaixo e ou\u00e7a:<\/p>\n\t<div class=\"qtmplayer-playlist-large\">\n\t\t<ul class=\"qtmplayer-playlist\">\n\t\t\t\n\t\t\t\t\t<li class=\"qtmplayer-trackitem\">\n\t\t<img src=\"https:\/\/rna.ao\/rna.ao\/wp-content\/uploads\/2023\/09\/Agostinho-Neto-100x100.jpg\" alt=\"cover\">\t\t<span \t\t\tdata-qtmplayer-cover=\"https:\/\/rna.ao\/rna.ao\/wp-content\/uploads\/2023\/09\/Agostinho-Neto.jpg\"\n\t\t\t\t\t\tdata-qtmplayer-file=\"https:\/\/rna.ao\/rna.ao\/wp-content\/uploads\/2026\/09\/FOWEN-MACANJA.mp3\"\n\t\t\t\t\t\tdata-qtmplayer-title=\"Prov\u00edncia do Cuanza-Sul vai ganhar novas infraestruturas sociais no quadro das jornadas comemorativas do 17 de Setembro\"\n\t\t\t\t\t\tdata-qtmplayer-artist=\"Patr\u00edcia Campos\"\n\t\t\t\t\t\tdata-qtmplayer-link=\"https:\/\/rna.ao\/rna.ao\/2026\/09\/01\/provincia-do-cuanza-sul-vai-ganhar-novas-infraestruturas-sociais-no-quadro-das-jornadas-comemorativas-do-dia-do-heroi-nacional\/\"\n\t\t\t\t\t\tdata-qtmplayer-icon=\"file_download\"\n\t\t\t\t\t\tdata-qtmplayer-type=\"track\"\n\t\t\t class=\"qtmplayer-play qtmplayer-link-sec qtmplayer-play-btn\"><i class='material-icons'>play_arrow<\/i><\/span>\n\t\t<p>\n\t\t\t<span class=\"qtmplayer-tit\">Prov\u00edncia do Cuanza-Sul vai ganhar novas infraestruturas sociais no quadro das jornadas comemorativas do 17 de Setembro<\/span>\n\t\t\t<span class=\"qtmplayer-art\">Patr\u00edcia Campos<\/span>\n\t\t<\/p>\n\t<\/li>\n\t\t<\/ul>\n\t<\/div>\t\t\t\n\t\n<\/div>\n<\/div>\n<\/div>\n<div class=\"jsx-2a3b4af8f89fe3c1 group relative rounded-lg sm:rounded-xl shadow-sm border transition-all duration-300 cursor-pointer py-2 sm:py-1 px-2 sm:px-2 bg-white border-gray-100 hover:shadow-md hover:border-primary\/20 hover:bg-primary\/5\">\n<div class=\"jsx-2a3b4af8f89fe3c1 flex flex-col sm:flex-row sm:items-center gap-2 sm:gap-3\">\n<div class=\"jsx-2a3b4af8f89fe3c1 flex-1 min-w-0\">\n<p class=\"jsx-2a3b4af8f89fe3c1 leading-relaxed text-sm transition-colors duration-200 text-left break-words text-gray-800 group-hover:text-gray-900\">\n<\/div>\n<\/div>\n<\/div>\n","protected":false},"excerpt":{"rendered":"<p>A prov\u00edncia do Cuanza-Sul vai ganhar ainda este m\u00eas novas infraestruturas sociais para melhor atender as necessidades dos cidad\u00e3os. O an\u00fancio vem do Minist\u00e9rio da Administra\u00e7\u00e3o do Territ\u00f3rio, que abriu hoje em todo o pa\u00eds as jornadas para saudar os 104 anos de Ant\u00f3nio Agostinho Neto. Jornalista Fowen Macanja. Clique ...<\/p>\n","protected":false},"author":21,"featured_media":116681,"comment_status":"closed","ping_status":"closed","sticky":false,"template":"","format":"standard","meta":[],"categories":[142,121,164,163],"tags":[],"_links":{"self":[{"href":"https:\/\/rna.ao\/rna.ao\/wp-json\/wp\/v2\/posts\/229938"}],"collection":[{"href":"https:\/\/rna.ao\/rna.ao\/wp-json\/wp\/v2\/posts"}],"about":[{"href":"https:\/\/rna.ao\/rna.ao\/wp-json\/wp\/v2\/types\/post"}],"author":[{"embeddable":true,"href":"https:\/\/rna.ao\/rna.ao\/wp-json\/wp\/v2\/users\/21"}],"replies":[{"embeddable":true,"href":"https:\/\/rna.ao\/rna.ao\/wp-json\/wp\/v2\/comments?post=229938"}],"version-history":[{"count":4,"href":"https:\/\/rna.ao\/rna.ao\/wp-json\/wp\/v2\/posts\/229938\/revisions"}],"predecessor-version":[{"id":229943,"href":"https:\/\/rna.ao\/rna.ao\/wp-json\/wp\/v2\/posts\/229938\/revisions\/229943"}],"wp:featuredmedia":[{"embeddable":true,"href":"https:\/\/rna.ao\/rna.ao\/wp-json\/wp\/v2\/media\/116681"}],"wp:attachment":[{"href":"https:\/\/rna.ao\/rna.ao\/wp-json\/wp\/v2\/media?parent=229938"}],"wp:term":[{"taxonomy":"category","embeddable":true,"href":"https:\/\/rna.ao\/rna.ao\/wp-json\/wp\/v2\/categories?post=229938"},{"taxonomy":"post_tag","embeddable":true,"href":"https:\/\/rna.ao\/rna.ao\/wp-json\/wp\/v2\/tags?post=229938"}],"curies":[{"name":"wp","href":"https:\/\/api.w.org\/{rel}","templated":true}]}}