{"id":229932,"date":"2026-09-01T17:53:12","date_gmt":"2026-09-01T16:53:12","guid":{"rendered":"https:\/\/rna.ao\/rna.ao\/?p=229932"},"modified":"2026-09-01T17:54:10","modified_gmt":"2026-09-01T16:54:10","slug":"explosao-de-um-carro-mata-cinco-pessoas-no-norte-da-siria","status":"publish","type":"post","link":"https:\/\/rna.ao\/rna.ao\/2026\/09\/01\/explosao-de-um-carro-mata-cinco-pessoas-no-norte-da-siria\/","title":{"rendered":"Explos\u00e3o de um carro carregado de muni\u00e7\u00f5es mata cinco pessoas no Norte da S\u00edria"},"content":{"rendered":"<div class=\"jsx-2a3b4af8f89fe3c1 group relative rounded-lg sm:rounded-xl shadow-sm border transition-all duration-300 cursor-pointer py-2 sm:py-1 px-2 sm:px-2 bg-white border-gray-100 hover:shadow-md hover:border-primary\/20 hover:bg-primary\/5\">\n<div class=\"jsx-2a3b4af8f89fe3c1 flex flex-col sm:flex-row sm:items-center gap-2 sm:gap-3\">\n<div class=\"jsx-2a3b4af8f89fe3c1 flex-1 min-w-0\">\n<p><img loading=\"lazy\" class=\"alignnone size-medium wp-image-229934\" src=\"https:\/\/rna.ao\/rna.ao\/wp-content\/uploads\/2026\/09\/9E2174FE-4862-41AA-A944-BA2585DD0D04-770x435.jpeg\" alt=\"\" width=\"770\" height=\"435\" srcset=\"https:\/\/rna.ao\/rna.ao\/wp-content\/uploads\/2026\/09\/9E2174FE-4862-41AA-A944-BA2585DD0D04-770x435.jpeg 770w, https:\/\/rna.ao\/rna.ao\/wp-content\/uploads\/2026\/09\/9E2174FE-4862-41AA-A944-BA2585DD0D04-1170x661.jpeg 1170w, https:\/\/rna.ao\/rna.ao\/wp-content\/uploads\/2026\/09\/9E2174FE-4862-41AA-A944-BA2585DD0D04-768x434.jpeg 768w, https:\/\/rna.ao\/rna.ao\/wp-content\/uploads\/2026\/09\/9E2174FE-4862-41AA-A944-BA2585DD0D04.jpeg 1290w\" sizes=\"(max-width: 770px) 100vw, 770px\" \/><\/p>\n<p class=\"jsx-2a3b4af8f89fe3c1 leading-relaxed text-sm transition-colors duration-200 text-left break-words text-gray-800 group-hover:text-gray-900\">Na S\u00edria, cinco pessoas morreram hoje ap\u00f3s a explos\u00e3o de uma viatura carregada de muni\u00e7\u00f5es na prov\u00edncia de Idlib, no noroeste da S\u00edria, informou a Dire\u00e7\u00e3o Provincial de Sa\u00fade daquela regi\u00e3o.<\/p>\n<\/div>\n<\/div>\n<div class=\"jsx-2a3b4af8f89fe3c1 absolute left-0 top-0 bottom-0 w-1 rounded-l-xl transition-opacity duration-300 bg-primary opacity-0 group-hover:opacity-100\"><\/div>\n<\/div>\n<div class=\"jsx-2a3b4af8f89fe3c1 group relative rounded-lg sm:rounded-xl shadow-sm border transition-all duration-300 cursor-pointer py-2 sm:py-1 px-2 sm:px-2 bg-white border-gray-100 hover:shadow-md hover:border-primary\/20 hover:bg-primary\/5\">\n<div class=\"jsx-2a3b4af8f89fe3c1 flex flex-col sm:flex-row sm:items-center gap-2 sm:gap-3\">\n<div class=\"jsx-2a3b4af8f89fe3c1 flex items-center gap-2 sm:gap-3\">A explos\u00e3o ocorreu na zona rural da S\u00edria, segundo a ag\u00eancia de not\u00edcia estatal, ap\u00f3s serem publicadas fotos dos destro\u00e7os ao longo da estrada e danos em v\u00e1rios edif\u00edcios nas proximidades.<\/div>\n<\/div>\n<\/div>\n<div class=\"jsx-2a3b4af8f89fe3c1 group relative rounded-lg sm:rounded-xl shadow-sm border transition-all duration-300 cursor-pointer py-2 sm:py-1 px-2 sm:px-2 bg-white border-gray-100 hover:shadow-md hover:border-primary\/20 hover:bg-primary\/5\"><\/div>\n<div class=\"jsx-2a3b4af8f89fe3c1 group relative rounded-lg sm:rounded-xl shadow-sm border transition-all duration-300 cursor-pointer py-2 sm:py-1 px-2 sm:px-2 bg-white border-gray-100 hover:shadow-md hover:border-primary\/20 hover:bg-primary\/5\">\n<div class=\"jsx-2a3b4af8f89fe3c1 flex flex-col sm:flex-row sm:items-center gap-2 sm:gap-3\">\n<div class=\"jsx-2a3b4af8f89fe3c1 flex items-center gap-2 sm:gap-3\"><\/div>\n<div class=\"jsx-2a3b4af8f89fe3c1 flex-1 min-w-0\">\n<p class=\"jsx-2a3b4af8f89fe3c1 leading-relaxed text-sm transition-colors duration-200 text-left break-words text-gray-800 group-hover:text-gray-900\">O caso mais recente ocorreu a 6 de agosto, quando duas pessoas morreram e 13 ficaram feridas em resultado da detona\u00e7\u00e3o de uma bomba dentro de um autocarro, nas proximidades da capital, Damasco.<\/p>\n<\/div>\n<\/div>\n<\/div>\n<div class=\"jsx-2a3b4af8f89fe3c1 group relative rounded-lg sm:rounded-xl shadow-sm border transition-all duration-300 cursor-pointer py-2 sm:py-1 px-2 sm:px-2 bg-white border-gray-100 hover:shadow-md hover:border-primary\/20 hover:bg-primary\/5\">\n<div class=\"jsx-2a3b4af8f89fe3c1 flex flex-col sm:flex-row sm:items-center gap-2 sm:gap-3\">\n<div class=\"jsx-2a3b4af8f89fe3c1 flex items-center gap-2 sm:gap-3\"><\/div>\n<\/div>\n<\/div>\n","protected":false},"excerpt":{"rendered":"<p>Na S\u00edria, cinco pessoas morreram hoje ap\u00f3s a explos\u00e3o de uma viatura carregada de muni\u00e7\u00f5es na prov\u00edncia de Idlib, no noroeste da S\u00edria, informou a Dire\u00e7\u00e3o Provincial de Sa\u00fade daquela regi\u00e3o. A explos\u00e3o ocorreu na zona rural da S\u00edria, segundo a ag\u00eancia de not\u00edcia estatal, ap\u00f3s serem publicadas fotos dos ...<\/p>\n","protected":false},"author":21,"featured_media":229934,"comment_status":"closed","ping_status":"closed","sticky":false,"template":"","format":"standard","meta":[],"categories":[142,121,164,163,1],"tags":[],"_links":{"self":[{"href":"https:\/\/rna.ao\/rna.ao\/wp-json\/wp\/v2\/posts\/229932"}],"collection":[{"href":"https:\/\/rna.ao\/rna.ao\/wp-json\/wp\/v2\/posts"}],"about":[{"href":"https:\/\/rna.ao\/rna.ao\/wp-json\/wp\/v2\/types\/post"}],"author":[{"embeddable":true,"href":"https:\/\/rna.ao\/rna.ao\/wp-json\/wp\/v2\/users\/21"}],"replies":[{"embeddable":true,"href":"https:\/\/rna.ao\/rna.ao\/wp-json\/wp\/v2\/comments?post=229932"}],"version-history":[{"count":3,"href":"https:\/\/rna.ao\/rna.ao\/wp-json\/wp\/v2\/posts\/229932\/revisions"}],"predecessor-version":[{"id":229936,"href":"https:\/\/rna.ao\/rna.ao\/wp-json\/wp\/v2\/posts\/229932\/revisions\/229936"}],"wp:featuredmedia":[{"embeddable":true,"href":"https:\/\/rna.ao\/rna.ao\/wp-json\/wp\/v2\/media\/229934"}],"wp:attachment":[{"href":"https:\/\/rna.ao\/rna.ao\/wp-json\/wp\/v2\/media?parent=229932"}],"wp:term":[{"taxonomy":"category","embeddable":true,"href":"https:\/\/rna.ao\/rna.ao\/wp-json\/wp\/v2\/categories?post=229932"},{"taxonomy":"post_tag","embeddable":true,"href":"https:\/\/rna.ao\/rna.ao\/wp-json\/wp\/v2\/tags?post=229932"}],"curies":[{"name":"wp","href":"https:\/\/api.w.org\/{rel}","templated":true}]}}