{"id":229923,"date":"2026-09-01T17:15:37","date_gmt":"2026-09-01T16:15:37","guid":{"rendered":"https:\/\/rna.ao\/rna.ao\/?p=229923"},"modified":"2026-09-01T17:16:18","modified_gmt":"2026-09-01T16:16:18","slug":"projecto-tecnologico-observa-chega-ao-instituto-agrario-de-malanje","status":"publish","type":"post","link":"https:\/\/rna.ao\/rna.ao\/2026\/09\/01\/projecto-tecnologico-observa-chega-ao-instituto-agrario-de-malanje\/","title":{"rendered":"Projecto tecnol\u00f3gico observa+ chega ao Instituto Agr\u00e1rio de Malanje"},"content":{"rendered":"<p><img loading=\"lazy\" class=\"alignnone size-medium wp-image-229924\" src=\"https:\/\/rna.ao\/rna.ao\/wp-content\/uploads\/2026\/09\/C363003A-3A9D-45B5-9339-59FA3FEEAF34-770x578.jpeg\" alt=\"\" width=\"770\" height=\"578\" srcset=\"https:\/\/rna.ao\/rna.ao\/wp-content\/uploads\/2026\/09\/C363003A-3A9D-45B5-9339-59FA3FEEAF34-770x578.jpeg 770w, https:\/\/rna.ao\/rna.ao\/wp-content\/uploads\/2026\/09\/C363003A-3A9D-45B5-9339-59FA3FEEAF34-1170x878.jpeg 1170w, https:\/\/rna.ao\/rna.ao\/wp-content\/uploads\/2026\/09\/C363003A-3A9D-45B5-9339-59FA3FEEAF34-768x576.jpeg 768w, https:\/\/rna.ao\/rna.ao\/wp-content\/uploads\/2026\/09\/C363003A-3A9D-45B5-9339-59FA3FEEAF34.jpeg 1280w\" sizes=\"(max-width: 770px) 100vw, 770px\" \/><\/p>\n<p>Mais de mil estudantes do Instituto T\u00e9cnico Agr\u00e1rio do Quessua (ITAQ), em Malanje, passam a ter acesso \u00e0 aplica\u00e7\u00e3o geoespacial Observa+, uma ferramenta que utiliza tecnologias de observa\u00e7\u00e3o da Terra e intelig\u00eancia artificial para disponibilizar informa\u00e7\u00f5es sobre o territ\u00f3rio e apoiar a an\u00e1lise de diferentes fen\u00f3menos.<\/p>\n<p>A instala\u00e7\u00e3o da aplica\u00e7\u00e3o numa institui\u00e7\u00e3o vocacionada para a forma\u00e7\u00e3o agr\u00e1ria cria novas oportunidades de aprendizagem e investiga\u00e7\u00e3o para os estudantes dos cursos de Produ\u00e7\u00e3o Vegetal e Gest\u00e3o Agr\u00edcola, permitindo aproximar os conhecimentos adquiridos em sala de aula as \u00a0tecnologias espaciais utilizadas na an\u00e1lise e acompanhamento das actividades agr\u00edcolas.<\/p>\n<p>Com o Observa+, os estudantes podem explorar informa\u00e7\u00f5es sobre \u00e1reas cultivadas, estado e desenvolvimento da vegeta\u00e7\u00e3o, uso e ocupa\u00e7\u00e3o do solo e disponibilidade de recursos h\u00eddricos, entre outros dados relevantes para a actividade agr\u00edcola.<\/p>\n<p>A ferramenta pode tamb\u00e9m contribuir para o acompanhamento de situa\u00e7\u00f5es que afectam a produ\u00e7\u00e3o, como per\u00edodos de seca, altera\u00e7\u00f5es na cobertura vegetal e mudan\u00e7as no uso dos terrenos, permitindo aos estudantes observar o territ\u00f3rio a partir de dados de observa\u00e7\u00e3o da Terra e desenvolver an\u00e1lises sobre situa\u00e7\u00f5es concretas.<\/p>\n<p>Para os estudantes , o acesso ao Observa+ representa uma oportunidade para compreender como os dados espaciais podem apoiar o acompanhamento das culturas, identificar altera\u00e7\u00f5es na vegeta\u00e7\u00e3o e produzir informa\u00e7\u00f5es \u00fateis para o planeamento e gest\u00e3o das \u00e1reas agr\u00edcolas.<\/p>\n<p>&nbsp;<\/p>\n","protected":false},"excerpt":{"rendered":"<p>Mais de mil estudantes do Instituto T\u00e9cnico Agr\u00e1rio do Quessua (ITAQ), em Malanje, passam a ter acesso \u00e0 aplica\u00e7\u00e3o geoespacial Observa+, uma ferramenta que utiliza tecnologias de observa\u00e7\u00e3o da Terra e intelig\u00eancia artificial para disponibilizar informa\u00e7\u00f5es sobre o territ\u00f3rio e apoiar a an\u00e1lise de diferentes fen\u00f3menos. A instala\u00e7\u00e3o da aplica\u00e7\u00e3o ...<\/p>\n","protected":false},"author":21,"featured_media":229924,"comment_status":"closed","ping_status":"closed","sticky":false,"template":"","format":"standard","meta":[],"categories":[142,121,164,163],"tags":[],"_links":{"self":[{"href":"https:\/\/rna.ao\/rna.ao\/wp-json\/wp\/v2\/posts\/229923"}],"collection":[{"href":"https:\/\/rna.ao\/rna.ao\/wp-json\/wp\/v2\/posts"}],"about":[{"href":"https:\/\/rna.ao\/rna.ao\/wp-json\/wp\/v2\/types\/post"}],"author":[{"embeddable":true,"href":"https:\/\/rna.ao\/rna.ao\/wp-json\/wp\/v2\/users\/21"}],"replies":[{"embeddable":true,"href":"https:\/\/rna.ao\/rna.ao\/wp-json\/wp\/v2\/comments?post=229923"}],"version-history":[{"count":2,"href":"https:\/\/rna.ao\/rna.ao\/wp-json\/wp\/v2\/posts\/229923\/revisions"}],"predecessor-version":[{"id":229926,"href":"https:\/\/rna.ao\/rna.ao\/wp-json\/wp\/v2\/posts\/229923\/revisions\/229926"}],"wp:featuredmedia":[{"embeddable":true,"href":"https:\/\/rna.ao\/rna.ao\/wp-json\/wp\/v2\/media\/229924"}],"wp:attachment":[{"href":"https:\/\/rna.ao\/rna.ao\/wp-json\/wp\/v2\/media?parent=229923"}],"wp:term":[{"taxonomy":"category","embeddable":true,"href":"https:\/\/rna.ao\/rna.ao\/wp-json\/wp\/v2\/categories?post=229923"},{"taxonomy":"post_tag","embeddable":true,"href":"https:\/\/rna.ao\/rna.ao\/wp-json\/wp\/v2\/tags?post=229923"}],"curies":[{"name":"wp","href":"https:\/\/api.w.org\/{rel}","templated":true}]}}