{"id":229908,"date":"2026-09-01T08:44:37","date_gmt":"2026-09-01T07:44:37","guid":{"rendered":"https:\/\/rna.ao\/rna.ao\/?p=229908"},"modified":"2026-09-01T08:44:37","modified_gmt":"2026-09-01T07:44:37","slug":"secretario-geral-das-nacoes-unidas-lamenta-retomada-dos-ataques-entre-washington-e-teerao-e-incentiva-regresso-as-negociacoes-diplomaticas","status":"publish","type":"post","link":"https:\/\/rna.ao\/rna.ao\/2026\/09\/01\/secretario-geral-das-nacoes-unidas-lamenta-retomada-dos-ataques-entre-washington-e-teerao-e-incentiva-regresso-as-negociacoes-diplomaticas\/","title":{"rendered":"Secret\u00e1rio-geral das Na\u00e7\u00f5es Unidas lamenta retomada dos ataques entre Washington e Teer\u00e3o e incentiva regresso \u00e0s negocia\u00e7\u00f5es diplom\u00e1ticas"},"content":{"rendered":"<div class=\"jsx-2a3b4af8f89fe3c1 group relative rounded-lg sm:rounded-xl shadow-sm border transition-all duration-300 cursor-pointer py-2 sm:py-1 px-2 sm:px-2 bg-white border-gray-100 hover:shadow-md hover:border-primary\/20 hover:bg-primary\/5\">\n<div class=\"jsx-2a3b4af8f89fe3c1 flex flex-col sm:flex-row sm:items-center gap-2 sm:gap-3\">\n<div class=\"jsx-2a3b4af8f89fe3c1 flex-1 min-w-0\">\n<p><img loading=\"lazy\" class=\"alignnone size-full wp-image-199197\" src=\"https:\/\/rna.ao\/rna.ao\/wp-content\/uploads\/2025\/11\/Antonio-Guterres.jpg\" alt=\"\" width=\"283\" height=\"178\" \/><\/p>\n<p class=\"jsx-2a3b4af8f89fe3c1 leading-relaxed text-sm transition-colors duration-200 text-left break-words text-gray-800 group-hover:text-gray-900\">O secret\u00e1rio-geral das Na\u00e7\u00f5es Unidas, Ant\u00f3nio Guterres, considerou hoje lament\u00e1vel o retomar dos ataques entre Washington e Teer\u00e3o e pediu m\u00e1xima conten\u00e7\u00e3o.<\/p>\n<\/div>\n<\/div>\n<\/div>\n<div class=\"jsx-2a3b4af8f89fe3c1 group relative rounded-lg sm:rounded-xl shadow-sm border transition-all duration-300 cursor-pointer py-2 sm:py-1 px-2 sm:px-2 bg-white border-gray-100 hover:shadow-md hover:border-primary\/20 hover:bg-primary\/5\">\n<div class=\"jsx-2a3b4af8f89fe3c1 flex flex-col sm:flex-row sm:items-center gap-2 sm:gap-3\">\n<div class=\"jsx-2a3b4af8f89fe3c1 flex items-center gap-2 sm:gap-3\">O l\u00edder da ONU incentivou ainda o regresso \u00e0s negocia\u00e7\u00f5es diplom\u00e1ticas com o objetivo de alcan\u00e7ar um acordo que ajude a restaurar a estabilidade e a confian\u00e7a na regi\u00e3o.<\/div>\n<\/div>\n<div class=\"jsx-2a3b4af8f89fe3c1 absolute left-0 top-0 bottom-0 w-1 rounded-l-xl transition-opacity duration-300 bg-primary opacity-0 group-hover:opacity-100\"><\/div>\n<\/div>\n<div class=\"jsx-2a3b4af8f89fe3c1 group relative rounded-lg sm:rounded-xl shadow-sm border transition-all duration-300 cursor-pointer py-2 sm:py-1 px-2 sm:px-2 bg-white border-gray-100 hover:shadow-md hover:border-primary\/20 hover:bg-primary\/5\">\n<div class=\"jsx-2a3b4af8f89fe3c1 flex flex-col sm:flex-row sm:items-center gap-2 sm:gap-3\">\n<div class=\"jsx-2a3b4af8f89fe3c1 flex items-center gap-2 sm:gap-3\">Ap\u00f3s semanas sem agress\u00f5es militares, os Estados Unidos atacaram esta madrugada uma ilha iraniana, duas plataformas destinadas ao lan\u00e7amento de foguetes carregados com minas mar\u00edtimas que Teer\u00e3o\u00a0 preparava para lan\u00e7ar no estreito de Hormuz.<\/div>\n<\/div>\n<\/div>\n<div class=\"jsx-2a3b4af8f89fe3c1 group relative rounded-lg sm:rounded-xl shadow-sm border transition-all duration-300 cursor-pointer py-2 sm:py-1 px-2 sm:px-2 bg-white border-gray-100 hover:shadow-md hover:border-primary\/20 hover:bg-primary\/5\">\n<div class=\"jsx-2a3b4af8f89fe3c1 flex flex-col sm:flex-row sm:items-center gap-2 sm:gap-3\">\n<div><\/div>\n<div class=\"jsx-2a3b4af8f89fe3c1 flex items-center gap-2 sm:gap-3\">O Ir\u00e3o, que registou dois mortos devido a essa ofensiva, respondeu com ataques contra bases norte-americanas na Jord\u00e2nia e nos Emirados \u00c1rabes Unidos.<\/div>\n<\/div>\n<\/div>\n","protected":false},"excerpt":{"rendered":"<p>O secret\u00e1rio-geral das Na\u00e7\u00f5es Unidas, Ant\u00f3nio Guterres, considerou hoje lament\u00e1vel o retomar dos ataques entre Washington e Teer\u00e3o e pediu m\u00e1xima conten\u00e7\u00e3o. O l\u00edder da ONU incentivou ainda o regresso \u00e0s negocia\u00e7\u00f5es diplom\u00e1ticas com o objetivo de alcan\u00e7ar um acordo que ajude a restaurar a estabilidade e a confian\u00e7a na ...<\/p>\n","protected":false},"author":21,"featured_media":199197,"comment_status":"closed","ping_status":"closed","sticky":false,"template":"","format":"standard","meta":[],"categories":[142,121,164,163],"tags":[],"_links":{"self":[{"href":"https:\/\/rna.ao\/rna.ao\/wp-json\/wp\/v2\/posts\/229908"}],"collection":[{"href":"https:\/\/rna.ao\/rna.ao\/wp-json\/wp\/v2\/posts"}],"about":[{"href":"https:\/\/rna.ao\/rna.ao\/wp-json\/wp\/v2\/types\/post"}],"author":[{"embeddable":true,"href":"https:\/\/rna.ao\/rna.ao\/wp-json\/wp\/v2\/users\/21"}],"replies":[{"embeddable":true,"href":"https:\/\/rna.ao\/rna.ao\/wp-json\/wp\/v2\/comments?post=229908"}],"version-history":[{"count":1,"href":"https:\/\/rna.ao\/rna.ao\/wp-json\/wp\/v2\/posts\/229908\/revisions"}],"predecessor-version":[{"id":229909,"href":"https:\/\/rna.ao\/rna.ao\/wp-json\/wp\/v2\/posts\/229908\/revisions\/229909"}],"wp:featuredmedia":[{"embeddable":true,"href":"https:\/\/rna.ao\/rna.ao\/wp-json\/wp\/v2\/media\/199197"}],"wp:attachment":[{"href":"https:\/\/rna.ao\/rna.ao\/wp-json\/wp\/v2\/media?parent=229908"}],"wp:term":[{"taxonomy":"category","embeddable":true,"href":"https:\/\/rna.ao\/rna.ao\/wp-json\/wp\/v2\/categories?post=229908"},{"taxonomy":"post_tag","embeddable":true,"href":"https:\/\/rna.ao\/rna.ao\/wp-json\/wp\/v2\/tags?post=229908"}],"curies":[{"name":"wp","href":"https:\/\/api.w.org\/{rel}","templated":true}]}}