{"id":229900,"date":"2026-09-01T07:54:56","date_gmt":"2026-09-01T06:54:56","guid":{"rendered":"https:\/\/rna.ao\/rna.ao\/?p=229900"},"modified":"2026-09-01T07:54:56","modified_gmt":"2026-09-01T06:54:56","slug":"angola-participa-em-belgrado-na-reuniao-dos-65-anos-do-movimento-dos-paises-nao-alinhados","status":"publish","type":"post","link":"https:\/\/rna.ao\/rna.ao\/2026\/09\/01\/angola-participa-em-belgrado-na-reuniao-dos-65-anos-do-movimento-dos-paises-nao-alinhados\/","title":{"rendered":"Angola participa em Belgrado na reuni\u00e3o dos 65 anos do Movimento dos Pa\u00edses N\u00e3o Alinhados"},"content":{"rendered":"<div class=\"jsx-2a3b4af8f89fe3c1 group relative rounded-lg sm:rounded-xl shadow-sm border transition-all duration-300 cursor-pointer py-2 sm:py-1 px-2 sm:px-2 bg-white border-gray-100 hover:shadow-md hover:border-primary\/20 hover:bg-primary\/5\">\n<div class=\"jsx-2a3b4af8f89fe3c1 flex flex-col sm:flex-row sm:items-center gap-2 sm:gap-3\">\n<div class=\"jsx-2a3b4af8f89fe3c1 flex-1 min-w-0\">\n<p><img loading=\"lazy\" class=\"alignnone size-full wp-image-172539\" src=\"https:\/\/rna.ao\/rna.ao\/wp-content\/uploads\/2025\/03\/Tete-Antonio.jpg\" alt=\"\" width=\"340\" height=\"212\" \/><\/p>\n<p>&nbsp;<\/p>\n<p class=\"jsx-2a3b4af8f89fe3c1 leading-relaxed text-sm transition-colors duration-200 text-left break-words text-gray-800 group-hover:text-gray-900\">O Ministro das Rela\u00e7\u00f5es Exteriores, Tete Ant\u00f3nio, participa em Belgrado, em representa\u00e7\u00e3o do Presidente da Rep\u00fablica, na reuni\u00e3o comemorativa dos 65 anos de exist\u00eancia da Confer\u00eancia dos Pa\u00edses N\u00e3o Alinhados.<\/p>\n<p>O encontro decorre na capital s\u00e9rvia, cidade que acolheu, em Setembro de 1961, a primeira confer\u00eancia do Movimento dos Pa\u00edses N\u00e3o Alinhados.<\/p>\n<p>A reuni\u00e3o junta representantes de v\u00e1rios Estados, incluindo Chefes de Estado e de Governo, para assinalar a import\u00e2ncia hist\u00f3rica do Movimento e reflectir sobre os actuais desafios que se colocam \u00e0 comunidade internacional.<\/p>\n<\/div>\n<\/div>\n<\/div>\n<div class=\"jsx-2a3b4af8f89fe3c1 group relative rounded-lg sm:rounded-xl shadow-sm border transition-all duration-300 cursor-pointer py-2 sm:py-1 px-2 sm:px-2 bg-white border-gray-100 hover:shadow-md hover:border-primary\/20 hover:bg-primary\/5\">\n<div class=\"jsx-2a3b4af8f89fe3c1 flex flex-col sm:flex-row sm:items-center gap-2 sm:gap-3\">\n<div class=\"jsx-2a3b4af8f89fe3c1 flex-1 min-w-0\">\n<p class=\"jsx-2a3b4af8f89fe3c1 leading-relaxed text-sm transition-colors duration-200 text-left break-words text-gray-800 group-hover:text-gray-900\">Jornalista Miguel Pacheco. Clique no \u00e1udio abaixo e ou\u00e7a:<\/p>\n\t<div class=\"qtmplayer-playlist-large\">\n\t\t<ul class=\"qtmplayer-playlist\">\n\t\t\t\n\t\t\t\t\t<li class=\"qtmplayer-trackitem\">\n\t\t<img src=\"https:\/\/rna.ao\/rna.ao\/wp-content\/uploads\/2025\/03\/Tete-Antonio-100x100.jpg\" alt=\"cover\">\t\t<span \t\t\tdata-qtmplayer-cover=\"https:\/\/rna.ao\/rna.ao\/wp-content\/uploads\/2025\/03\/Tete-Antonio.jpg\"\n\t\t\t\t\t\tdata-qtmplayer-file=\"https:\/\/rna.ao\/rna.ao\/wp-content\/uploads\/2026\/09\/MIGUEL-PACHECO.mp3\"\n\t\t\t\t\t\tdata-qtmplayer-title=\"Angola participa em Belgrado na reuni\u00e3o dos 65 anos do Movimento dos Pa\u00edses N\u00e3o Alinhados\"\n\t\t\t\t\t\tdata-qtmplayer-artist=\"Patr\u00edcia Campos\"\n\t\t\t\t\t\tdata-qtmplayer-link=\"https:\/\/rna.ao\/rna.ao\/2026\/09\/01\/angola-participa-em-belgrado-na-reuniao-dos-65-anos-do-movimento-dos-paises-nao-alinhados\/\"\n\t\t\t\t\t\tdata-qtmplayer-icon=\"file_download\"\n\t\t\t\t\t\tdata-qtmplayer-type=\"track\"\n\t\t\t class=\"qtmplayer-play qtmplayer-link-sec qtmplayer-play-btn\"><i class='material-icons'>play_arrow<\/i><\/span>\n\t\t<p>\n\t\t\t<span class=\"qtmplayer-tit\">Angola participa em Belgrado na reuni\u00e3o dos 65 anos do Movimento dos Pa\u00edses N\u00e3o Alinhados<\/span>\n\t\t\t<span class=\"qtmplayer-art\">Patr\u00edcia Campos<\/span>\n\t\t<\/p>\n\t<\/li>\n\t\t<\/ul>\n\t<\/div>\t\t\t\n\t\n<\/div>\n<\/div>\n<\/div>\n","protected":false},"excerpt":{"rendered":"<p>&nbsp; O Ministro das Rela\u00e7\u00f5es Exteriores, Tete Ant\u00f3nio, participa em Belgrado, em representa\u00e7\u00e3o do Presidente da Rep\u00fablica, na reuni\u00e3o comemorativa dos 65 anos de exist\u00eancia da Confer\u00eancia dos Pa\u00edses N\u00e3o Alinhados. O encontro decorre na capital s\u00e9rvia, cidade que acolheu, em Setembro de 1961, a primeira confer\u00eancia do Movimento dos ...<\/p>\n","protected":false},"author":21,"featured_media":172539,"comment_status":"closed","ping_status":"closed","sticky":false,"template":"","format":"standard","meta":[],"categories":[142,121,164,163],"tags":[],"_links":{"self":[{"href":"https:\/\/rna.ao\/rna.ao\/wp-json\/wp\/v2\/posts\/229900"}],"collection":[{"href":"https:\/\/rna.ao\/rna.ao\/wp-json\/wp\/v2\/posts"}],"about":[{"href":"https:\/\/rna.ao\/rna.ao\/wp-json\/wp\/v2\/types\/post"}],"author":[{"embeddable":true,"href":"https:\/\/rna.ao\/rna.ao\/wp-json\/wp\/v2\/users\/21"}],"replies":[{"embeddable":true,"href":"https:\/\/rna.ao\/rna.ao\/wp-json\/wp\/v2\/comments?post=229900"}],"version-history":[{"count":1,"href":"https:\/\/rna.ao\/rna.ao\/wp-json\/wp\/v2\/posts\/229900\/revisions"}],"predecessor-version":[{"id":229902,"href":"https:\/\/rna.ao\/rna.ao\/wp-json\/wp\/v2\/posts\/229900\/revisions\/229902"}],"wp:featuredmedia":[{"embeddable":true,"href":"https:\/\/rna.ao\/rna.ao\/wp-json\/wp\/v2\/media\/172539"}],"wp:attachment":[{"href":"https:\/\/rna.ao\/rna.ao\/wp-json\/wp\/v2\/media?parent=229900"}],"wp:term":[{"taxonomy":"category","embeddable":true,"href":"https:\/\/rna.ao\/rna.ao\/wp-json\/wp\/v2\/categories?post=229900"},{"taxonomy":"post_tag","embeddable":true,"href":"https:\/\/rna.ao\/rna.ao\/wp-json\/wp\/v2\/tags?post=229900"}],"curies":[{"name":"wp","href":"https:\/\/api.w.org\/{rel}","templated":true}]}}