{"id":229891,"date":"2026-08-31T22:17:45","date_gmt":"2026-08-31T21:17:45","guid":{"rendered":"https:\/\/rna.ao\/rna.ao\/?p=229891"},"modified":"2026-08-31T22:17:45","modified_gmt":"2026-08-31T21:17:45","slug":"presidente-reeleito-da-zambia-toma-posse-esta-terca-feira-em-lusaka","status":"publish","type":"post","link":"https:\/\/rna.ao\/rna.ao\/2026\/08\/31\/presidente-reeleito-da-zambia-toma-posse-esta-terca-feira-em-lusaka\/","title":{"rendered":"Presidente reeleito da Z\u00e2mbia toma posse esta ter\u00e7a feira em Lusaka"},"content":{"rendered":"<div class=\"jsx-2a3b4af8f89fe3c1 group relative rounded-lg sm:rounded-xl shadow-sm border transition-all duration-300 cursor-pointer py-2 sm:py-1 px-2 sm:px-2 bg-white border-gray-100 hover:shadow-md hover:border-primary\/20 hover:bg-primary\/5\">\n<div class=\"jsx-2a3b4af8f89fe3c1 flex-1 min-w-0\">\n<div class=\"jsx-2a3b4af8f89fe3c1 group relative rounded-lg sm:rounded-xl shadow-sm border transition-all duration-300 cursor-pointer py-2 sm:py-1 px-2 sm:px-2 bg-white border-gray-100 hover:shadow-md hover:border-primary\/20 hover:bg-primary\/5\">\n<div class=\"jsx-2a3b4af8f89fe3c1 flex flex-col sm:flex-row sm:items-center gap-2 sm:gap-3\">\n<div class=\"jsx-2a3b4af8f89fe3c1 flex-1 min-w-0\">\n<p class=\"jsx-2a3b4af8f89fe3c1 leading-relaxed text-sm transition-colors duration-200 text-left break-words text-gray-800 group-hover:text-gray-900\"><img loading=\"lazy\" class=\"alignnone size-medium wp-image-229894\" src=\"https:\/\/rna.ao\/rna.ao\/wp-content\/uploads\/2026\/08\/F30DD29A-017D-4934-B943-AF5BFB8C7F3F-770x757.jpeg\" alt=\"\" width=\"770\" height=\"757\" srcset=\"https:\/\/rna.ao\/rna.ao\/wp-content\/uploads\/2026\/08\/F30DD29A-017D-4934-B943-AF5BFB8C7F3F-770x757.jpeg 770w, https:\/\/rna.ao\/rna.ao\/wp-content\/uploads\/2026\/08\/F30DD29A-017D-4934-B943-AF5BFB8C7F3F-1170x1151.jpeg 1170w, https:\/\/rna.ao\/rna.ao\/wp-content\/uploads\/2026\/08\/F30DD29A-017D-4934-B943-AF5BFB8C7F3F-768x755.jpeg 768w, https:\/\/rna.ao\/rna.ao\/wp-content\/uploads\/2026\/08\/F30DD29A-017D-4934-B943-AF5BFB8C7F3F.jpeg 1290w\" sizes=\"(max-width: 770px) 100vw, 770px\" \/><br \/>\nHakainde Hichilema, Presidente reeleito da Z\u00e2mbia toma posse esta ter\u00e7a-feira, 1 de Setembro, depois das elei\u00e7\u00f5es do passado dia 13 de agosto de 2026, que o \u00a0reconduziram para um segundo mandato.<\/p>\n<p class=\"jsx-2a3b4af8f89fe3c1 leading-relaxed text-sm transition-colors duration-200 text-left break-words text-gray-800 group-hover:text-gray-900\">A na\u00e7\u00e3o zambiana vai testemunhar a cerim\u00f3nia de investidura do presidente reeleito. A capital Lusaka j\u00e1 recebe v\u00e1rios chefes de Estado e de Governo que v\u00e3o testemunhar esta cerim\u00f3nia.<\/p>\n<\/div>\n<\/div>\n<\/div>\n<div class=\"jsx-2a3b4af8f89fe3c1 group relative rounded-lg sm:rounded-xl shadow-sm border transition-all duration-300 cursor-pointer py-2 sm:py-1 px-2 sm:px-2 bg-white border-gray-100 hover:shadow-md hover:border-primary\/20 hover:bg-primary\/5\">\n<div class=\"jsx-2a3b4af8f89fe3c1 absolute left-0 top-0 bottom-0 w-1 rounded-l-xl transition-opacity duration-300 bg-primary opacity-0 group-hover:opacity-100\">A R\u00e1dio Nacional de Angola tem destacado na capital zambiana o rep\u00f3rter Lopes Canhina. Clique no \u00e1udio abaixo e ou\u00e7a:<\/div>\n<\/div>\n<\/div>\n<\/div>\n<div class=\"jsx-2a3b4af8f89fe3c1 group relative rounded-lg sm:rounded-xl shadow-sm border transition-all duration-300 cursor-pointer py-2 sm:py-1 px-2 sm:px-2 bg-white border-gray-100 hover:shadow-md hover:border-primary\/20 hover:bg-primary\/5\">\n<div class=\"jsx-2a3b4af8f89fe3c1 flex flex-col sm:flex-row sm:items-center gap-2 sm:gap-3\">\n<div class=\"jsx-2a3b4af8f89fe3c1 flex items-center gap-2 sm:gap-3\">\n\t<div class=\"qtmplayer-playlist-large\">\n\t\t<ul class=\"qtmplayer-playlist\">\n\t\t\t\n\t\t\t\t\t<li class=\"qtmplayer-trackitem\">\n\t\t<img src=\"https:\/\/rna.ao\/rna.ao\/wp-content\/uploads\/2026\/08\/F30DD29A-017D-4934-B943-AF5BFB8C7F3F-100x100.jpeg\" alt=\"cover\">\t\t<span \t\t\tdata-qtmplayer-cover=\"https:\/\/rna.ao\/rna.ao\/wp-content\/uploads\/2026\/08\/F30DD29A-017D-4934-B943-AF5BFB8C7F3F-370x370.jpeg\"\n\t\t\t\t\t\tdata-qtmplayer-file=\"https:\/\/rna.ao\/rna.ao\/wp-content\/uploads\/2026\/08\/LOPES-CANHINA-2.mp3\"\n\t\t\t\t\t\tdata-qtmplayer-title=\"Presidente reeleito da Z\u00e2mbia toma posse esta ter\u00e7a feira em Lusaka\"\n\t\t\t\t\t\tdata-qtmplayer-artist=\"Patr\u00edcia Campos\"\n\t\t\t\t\t\tdata-qtmplayer-link=\"https:\/\/rna.ao\/rna.ao\/2026\/08\/31\/presidente-reeleito-da-zambia-toma-posse-esta-terca-feira-em-lusaka\/\"\n\t\t\t\t\t\tdata-qtmplayer-icon=\"file_download\"\n\t\t\t\t\t\tdata-qtmplayer-type=\"track\"\n\t\t\t class=\"qtmplayer-play qtmplayer-link-sec qtmplayer-play-btn\"><i class='material-icons'>play_arrow<\/i><\/span>\n\t\t<p>\n\t\t\t<span class=\"qtmplayer-tit\">Presidente reeleito da Z\u00e2mbia toma posse esta ter\u00e7a feira em Lusaka<\/span>\n\t\t\t<span class=\"qtmplayer-art\">Patr\u00edcia Campos<\/span>\n\t\t<\/p>\n\t<\/li>\n\t\t<\/ul>\n\t<\/div>\t\t\t\n\t\n<\/div>\n<\/div>\n<\/div>\n<div class=\"jsx-2a3b4af8f89fe3c1 group relative rounded-lg sm:rounded-xl shadow-sm border transition-all duration-300 cursor-pointer py-2 sm:py-1 px-2 sm:px-2 bg-white border-gray-100 hover:shadow-md hover:border-primary\/20 hover:bg-primary\/5\">\n<div class=\"jsx-2a3b4af8f89fe3c1 flex flex-col sm:flex-row sm:items-center gap-2 sm:gap-3\">\n<div class=\"jsx-2a3b4af8f89fe3c1 flex-1 min-w-0\">\n<p class=\"jsx-2a3b4af8f89fe3c1 leading-relaxed text-sm transition-colors duration-200 text-left break-words text-gray-800 group-hover:text-gray-900\">\n<\/div>\n<\/div>\n<\/div>\n","protected":false},"excerpt":{"rendered":"<p>Hakainde Hichilema, Presidente reeleito da Z\u00e2mbia toma posse esta ter\u00e7a-feira, 1 de Setembro, depois das elei\u00e7\u00f5es do passado dia 13 de agosto de 2026, que o \u00a0reconduziram para um segundo mandato. A na\u00e7\u00e3o zambiana vai testemunhar a cerim\u00f3nia de investidura do presidente reeleito. A capital Lusaka j\u00e1 recebe v\u00e1rios chefes ...<\/p>\n","protected":false},"author":21,"featured_media":229894,"comment_status":"closed","ping_status":"closed","sticky":false,"template":"","format":"standard","meta":[],"categories":[142,121,164,163,1],"tags":[],"_links":{"self":[{"href":"https:\/\/rna.ao\/rna.ao\/wp-json\/wp\/v2\/posts\/229891"}],"collection":[{"href":"https:\/\/rna.ao\/rna.ao\/wp-json\/wp\/v2\/posts"}],"about":[{"href":"https:\/\/rna.ao\/rna.ao\/wp-json\/wp\/v2\/types\/post"}],"author":[{"embeddable":true,"href":"https:\/\/rna.ao\/rna.ao\/wp-json\/wp\/v2\/users\/21"}],"replies":[{"embeddable":true,"href":"https:\/\/rna.ao\/rna.ao\/wp-json\/wp\/v2\/comments?post=229891"}],"version-history":[{"count":2,"href":"https:\/\/rna.ao\/rna.ao\/wp-json\/wp\/v2\/posts\/229891\/revisions"}],"predecessor-version":[{"id":229895,"href":"https:\/\/rna.ao\/rna.ao\/wp-json\/wp\/v2\/posts\/229891\/revisions\/229895"}],"wp:featuredmedia":[{"embeddable":true,"href":"https:\/\/rna.ao\/rna.ao\/wp-json\/wp\/v2\/media\/229894"}],"wp:attachment":[{"href":"https:\/\/rna.ao\/rna.ao\/wp-json\/wp\/v2\/media?parent=229891"}],"wp:term":[{"taxonomy":"category","embeddable":true,"href":"https:\/\/rna.ao\/rna.ao\/wp-json\/wp\/v2\/categories?post=229891"},{"taxonomy":"post_tag","embeddable":true,"href":"https:\/\/rna.ao\/rna.ao\/wp-json\/wp\/v2\/tags?post=229891"}],"curies":[{"name":"wp","href":"https:\/\/api.w.org\/{rel}","templated":true}]}}