{"id":229883,"date":"2026-08-31T21:20:40","date_gmt":"2026-08-31T20:20:40","guid":{"rendered":"https:\/\/rna.ao\/rna.ao\/?p=229883"},"modified":"2026-08-31T21:20:40","modified_gmt":"2026-08-31T20:20:40","slug":"ministerio-da-juventude-e-desportos-lanca-premio-nacional-do-desporto","status":"publish","type":"post","link":"https:\/\/rna.ao\/rna.ao\/2026\/08\/31\/ministerio-da-juventude-e-desportos-lanca-premio-nacional-do-desporto\/","title":{"rendered":"Minist\u00e9rio da Juventude e Desportos lan\u00e7a Pr\u00e9mio nacional do Desporto"},"content":{"rendered":"<div class=\"jsx-2a3b4af8f89fe3c1 group relative rounded-lg sm:rounded-xl shadow-sm border transition-all duration-300 cursor-pointer py-2 sm:py-1 px-2 sm:px-2 bg-white border-gray-100 hover:shadow-md hover:border-primary\/20 hover:bg-primary\/5\">\n<div class=\"jsx-2a3b4af8f89fe3c1 flex flex-col sm:flex-row sm:items-center gap-2 sm:gap-3\">\n<div class=\"jsx-2a3b4af8f89fe3c1 flex-1 min-w-0\">\n<p><img loading=\"lazy\" class=\"alignnone size-medium wp-image-229884\" src=\"https:\/\/rna.ao\/rna.ao\/wp-content\/uploads\/2026\/08\/WhatsApp-Image-2026-08-31-at-21.19.15-770x656.jpeg\" alt=\"\" width=\"770\" height=\"656\" srcset=\"https:\/\/rna.ao\/rna.ao\/wp-content\/uploads\/2026\/08\/WhatsApp-Image-2026-08-31-at-21.19.15-770x656.jpeg 770w, https:\/\/rna.ao\/rna.ao\/wp-content\/uploads\/2026\/08\/WhatsApp-Image-2026-08-31-at-21.19.15-1170x996.jpeg 1170w, https:\/\/rna.ao\/rna.ao\/wp-content\/uploads\/2026\/08\/WhatsApp-Image-2026-08-31-at-21.19.15-768x654.jpeg 768w, https:\/\/rna.ao\/rna.ao\/wp-content\/uploads\/2026\/08\/WhatsApp-Image-2026-08-31-at-21.19.15.jpeg 1280w\" sizes=\"(max-width: 770px) 100vw, 770px\" \/><\/p>\n<p class=\"jsx-2a3b4af8f89fe3c1 leading-relaxed text-sm transition-colors duration-200 text-left break-words text-gray-800 group-hover:text-gray-900\">O Minist\u00e9rio da Juventude e Desportos procedeu hoje ao lan\u00e7amento do Pr\u00e9mio Nacional do Desporto. A cerim\u00f3nia aconteceu na galeria dos desportos em Luanda.\u00a0 Ser\u00e3o premiadas 51 individualidades numa gala que vai acontecer no dia 23 de janeiro do pr\u00f3ximo ano.<\/p>\n<\/div>\n<\/div>\n<\/div>\n<div class=\"jsx-2a3b4af8f89fe3c1 group relative rounded-lg sm:rounded-xl shadow-sm border transition-all duration-300 cursor-pointer py-2 sm:py-1 px-2 sm:px-2 bg-white border-gray-100 hover:shadow-md hover:border-primary\/20 hover:bg-primary\/5\">\n<div class=\"jsx-2a3b4af8f89fe3c1 flex flex-col sm:flex-row sm:items-center gap-2 sm:gap-3\">\n<div class=\"jsx-2a3b4af8f89fe3c1 flex items-center gap-2 sm:gap-3\">A partir desta ter\u00e7a-feira at\u00e9 o dia 24 deste m\u00eas est\u00e1 aberto concurso p\u00fablico para a escolha da logomarca e do hino do pr\u00e9mio.<\/div>\n<div>Destinado a atletas, treinadores, dirigentes desportivos e entidades que se destacam no desenvolvimento e promo\u00e7\u00e3o do desporto nacional, o premio tem como objectivo\u00a0 valorizar o m\u00e9rito dos praticantes e outros intervenientes do desporto em Angola.<\/div>\n<\/div>\n<\/div>\n","protected":false},"excerpt":{"rendered":"<p>O Minist\u00e9rio da Juventude e Desportos procedeu hoje ao lan\u00e7amento do Pr\u00e9mio Nacional do Desporto. A cerim\u00f3nia aconteceu na galeria dos desportos em Luanda.\u00a0 Ser\u00e3o premiadas 51 individualidades numa gala que vai acontecer no dia 23 de janeiro do pr\u00f3ximo ano. A partir desta ter\u00e7a-feira at\u00e9 o dia 24 deste ...<\/p>\n","protected":false},"author":21,"featured_media":229884,"comment_status":"closed","ping_status":"closed","sticky":false,"template":"","format":"standard","meta":[],"categories":[145,125],"tags":[],"_links":{"self":[{"href":"https:\/\/rna.ao\/rna.ao\/wp-json\/wp\/v2\/posts\/229883"}],"collection":[{"href":"https:\/\/rna.ao\/rna.ao\/wp-json\/wp\/v2\/posts"}],"about":[{"href":"https:\/\/rna.ao\/rna.ao\/wp-json\/wp\/v2\/types\/post"}],"author":[{"embeddable":true,"href":"https:\/\/rna.ao\/rna.ao\/wp-json\/wp\/v2\/users\/21"}],"replies":[{"embeddable":true,"href":"https:\/\/rna.ao\/rna.ao\/wp-json\/wp\/v2\/comments?post=229883"}],"version-history":[{"count":1,"href":"https:\/\/rna.ao\/rna.ao\/wp-json\/wp\/v2\/posts\/229883\/revisions"}],"predecessor-version":[{"id":229885,"href":"https:\/\/rna.ao\/rna.ao\/wp-json\/wp\/v2\/posts\/229883\/revisions\/229885"}],"wp:featuredmedia":[{"embeddable":true,"href":"https:\/\/rna.ao\/rna.ao\/wp-json\/wp\/v2\/media\/229884"}],"wp:attachment":[{"href":"https:\/\/rna.ao\/rna.ao\/wp-json\/wp\/v2\/media?parent=229883"}],"wp:term":[{"taxonomy":"category","embeddable":true,"href":"https:\/\/rna.ao\/rna.ao\/wp-json\/wp\/v2\/categories?post=229883"},{"taxonomy":"post_tag","embeddable":true,"href":"https:\/\/rna.ao\/rna.ao\/wp-json\/wp\/v2\/tags?post=229883"}],"curies":[{"name":"wp","href":"https:\/\/api.w.org\/{rel}","templated":true}]}}