{"id":229880,"date":"2026-08-31T20:53:53","date_gmt":"2026-08-31T19:53:53","guid":{"rendered":"https:\/\/rna.ao\/rna.ao\/?p=229880"},"modified":"2026-08-31T20:53:53","modified_gmt":"2026-08-31T19:53:53","slug":"funcionarios-contratados-ha-varios-anos-e-que-permanecem-em-regime-de-contrato-de-trabalho-vao-transitar-para-o-quadro-definitivo-na-funcao-publica","status":"publish","type":"post","link":"https:\/\/rna.ao\/rna.ao\/2026\/08\/31\/funcionarios-contratados-ha-varios-anos-e-que-permanecem-em-regime-de-contrato-de-trabalho-vao-transitar-para-o-quadro-definitivo-na-funcao-publica\/","title":{"rendered":"Funcion\u00e1rios contratados h\u00e1 v\u00e1rios anos e que permanecem em regime de contrato de trabalho v\u00e3o transitar para o quadro definitivo na fun\u00e7\u00e3o p\u00fablica"},"content":{"rendered":"<div class=\"jsx-2a3b4af8f89fe3c1 group relative rounded-lg sm:rounded-xl shadow-sm border transition-all duration-300 cursor-pointer py-2 sm:py-1 px-2 sm:px-2 bg-white border-gray-100 hover:shadow-md hover:border-primary\/20 hover:bg-primary\/5\">\n<div class=\"jsx-2a3b4af8f89fe3c1 flex flex-col sm:flex-row sm:items-center gap-2 sm:gap-3\">\n<div class=\"jsx-2a3b4af8f89fe3c1 flex-1 min-w-0\">\n<p><img loading=\"lazy\" class=\"alignnone size-medium wp-image-75198\" src=\"https:\/\/rna.ao\/rna.ao\/wp-content\/uploads\/2022\/09\/Funcionarios-2-770x514.jpg\" alt=\"\" width=\"770\" height=\"514\" srcset=\"https:\/\/rna.ao\/rna.ao\/wp-content\/uploads\/2022\/09\/Funcionarios-2-770x514.jpg 770w, https:\/\/rna.ao\/rna.ao\/wp-content\/uploads\/2022\/09\/Funcionarios-2-768x512.jpg 768w, https:\/\/rna.ao\/rna.ao\/wp-content\/uploads\/2022\/09\/Funcionarios-2.jpg 1000w\" sizes=\"(max-width: 770px) 100vw, 770px\" \/><\/p>\n<p class=\"jsx-2a3b4af8f89fe3c1 leading-relaxed text-sm transition-colors duration-200 text-left break-words text-gray-800 group-hover:text-gray-900\">Os funcion\u00e1rios que trabalham em regime probat\u00f3rio ser\u00e3o inseridos definitivamente no quadro da fun\u00e7\u00e3o p\u00fablica dentro de 15 dias.<\/p>\n<\/div>\n<\/div>\n<\/div>\n<div class=\"jsx-2a3b4af8f89fe3c1 group relative rounded-lg sm:rounded-xl shadow-sm border transition-all duration-300 cursor-pointer py-2 sm:py-1 px-2 sm:px-2 bg-white border-gray-100 hover:shadow-md hover:border-primary\/20 hover:bg-primary\/5\">\n<div class=\"jsx-2a3b4af8f89fe3c1 flex flex-col sm:flex-row sm:items-center gap-2 sm:gap-3\">\n<div class=\"jsx-2a3b4af8f89fe3c1 flex items-center gap-2 sm:gap-3\">A decis\u00e3o \u00e9 do Presidente da Rep\u00fablica, publicada em despacho, que orienta os Minist\u00e9rios das Finan\u00e7as e da Administra\u00e7\u00e3o P\u00fablica, Trabalho e Seguran\u00e7a Social a implementar o processo. Jornalista Fowen Macanja. Clique no \u00e1udio abaixo e ou\u00e7a:\t<div class=\"qtmplayer-playlist-large\">\n\t\t<ul class=\"qtmplayer-playlist\">\n\t\t\t\n\t\t\t\t\t<li class=\"qtmplayer-trackitem\">\n\t\t<img src=\"https:\/\/rna.ao\/rna.ao\/wp-content\/uploads\/2022\/09\/Funcionarios-2-100x100.jpg\" alt=\"cover\">\t\t<span \t\t\tdata-qtmplayer-cover=\"https:\/\/rna.ao\/rna.ao\/wp-content\/uploads\/2022\/09\/Funcionarios-2-370x370.jpg\"\n\t\t\t\t\t\tdata-qtmplayer-file=\"https:\/\/rna.ao\/rna.ao\/wp-content\/uploads\/2026\/08\/FOWEN-MACANJA-1.mp3\"\n\t\t\t\t\t\tdata-qtmplayer-title=\"Funcion\u00e1rios contratados h\u00e1 v\u00e1rios anos e que permanecem em regime de contrato de trabalho v\u00e3o transitar para o quadro definitivo na fun\u00e7\u00e3o p\u00fablica\"\n\t\t\t\t\t\tdata-qtmplayer-artist=\"Patr\u00edcia Campos\"\n\t\t\t\t\t\tdata-qtmplayer-link=\"https:\/\/rna.ao\/rna.ao\/2026\/08\/31\/funcionarios-contratados-ha-varios-anos-e-que-permanecem-em-regime-de-contrato-de-trabalho-vao-transitar-para-o-quadro-definitivo-na-funcao-publica\/\"\n\t\t\t\t\t\tdata-qtmplayer-icon=\"file_download\"\n\t\t\t\t\t\tdata-qtmplayer-type=\"track\"\n\t\t\t class=\"qtmplayer-play qtmplayer-link-sec qtmplayer-play-btn\"><i class='material-icons'>play_arrow<\/i><\/span>\n\t\t<p>\n\t\t\t<span class=\"qtmplayer-tit\">Funcion\u00e1rios contratados h\u00e1 v\u00e1rios anos e que permanecem em regime de contrato de trabalho v\u00e3o transitar para o quadro definitivo na fun\u00e7\u00e3o p\u00fablica<\/span>\n\t\t\t<span class=\"qtmplayer-art\">Patr\u00edcia Campos<\/span>\n\t\t<\/p>\n\t<\/li>\n\t\t<\/ul>\n\t<\/div>\t\t\t\n\t<\/p>\n<\/div>\n<\/div>\n<\/div>\n","protected":false},"excerpt":{"rendered":"<p>Os funcion\u00e1rios que trabalham em regime probat\u00f3rio ser\u00e3o inseridos definitivamente no quadro da fun\u00e7\u00e3o p\u00fablica dentro de 15 dias. A decis\u00e3o \u00e9 do Presidente da Rep\u00fablica, publicada em despacho, que orienta os Minist\u00e9rios das Finan\u00e7as e da Administra\u00e7\u00e3o P\u00fablica, Trabalho e Seguran\u00e7a Social a implementar o processo. Jornalista Fowen Macanja. ...<\/p>\n","protected":false},"author":21,"featured_media":75198,"comment_status":"closed","ping_status":"closed","sticky":false,"template":"","format":"standard","meta":[],"categories":[142,121,164,163],"tags":[],"_links":{"self":[{"href":"https:\/\/rna.ao\/rna.ao\/wp-json\/wp\/v2\/posts\/229880"}],"collection":[{"href":"https:\/\/rna.ao\/rna.ao\/wp-json\/wp\/v2\/posts"}],"about":[{"href":"https:\/\/rna.ao\/rna.ao\/wp-json\/wp\/v2\/types\/post"}],"author":[{"embeddable":true,"href":"https:\/\/rna.ao\/rna.ao\/wp-json\/wp\/v2\/users\/21"}],"replies":[{"embeddable":true,"href":"https:\/\/rna.ao\/rna.ao\/wp-json\/wp\/v2\/comments?post=229880"}],"version-history":[{"count":1,"href":"https:\/\/rna.ao\/rna.ao\/wp-json\/wp\/v2\/posts\/229880\/revisions"}],"predecessor-version":[{"id":229882,"href":"https:\/\/rna.ao\/rna.ao\/wp-json\/wp\/v2\/posts\/229880\/revisions\/229882"}],"wp:featuredmedia":[{"embeddable":true,"href":"https:\/\/rna.ao\/rna.ao\/wp-json\/wp\/v2\/media\/75198"}],"wp:attachment":[{"href":"https:\/\/rna.ao\/rna.ao\/wp-json\/wp\/v2\/media?parent=229880"}],"wp:term":[{"taxonomy":"category","embeddable":true,"href":"https:\/\/rna.ao\/rna.ao\/wp-json\/wp\/v2\/categories?post=229880"},{"taxonomy":"post_tag","embeddable":true,"href":"https:\/\/rna.ao\/rna.ao\/wp-json\/wp\/v2\/tags?post=229880"}],"curies":[{"name":"wp","href":"https:\/\/api.w.org\/{rel}","templated":true}]}}