{"id":229873,"date":"2026-08-31T17:52:51","date_gmt":"2026-08-31T16:52:51","guid":{"rendered":"https:\/\/rna.ao\/rna.ao\/?p=229873"},"modified":"2026-08-31T17:52:51","modified_gmt":"2026-08-31T16:52:51","slug":"angola-e-estados-unidos-reforcam-memoria-historica-comum-em-fort-monroe","status":"publish","type":"post","link":"https:\/\/rna.ao\/rna.ao\/2026\/08\/31\/angola-e-estados-unidos-reforcam-memoria-historica-comum-em-fort-monroe\/","title":{"rendered":"Angola e Estados Unidos refor\u00e7am mem\u00f3ria hist\u00f3rica comum em Fort Monroe"},"content":{"rendered":"<p><img loading=\"lazy\" class=\"alignnone size-medium wp-image-229874\" src=\"https:\/\/rna.ao\/rna.ao\/wp-content\/uploads\/2026\/08\/714b6614-f611-4d29-8cb8-31faf6bad294-770x422.jpeg\" alt=\"\" width=\"770\" height=\"422\" srcset=\"https:\/\/rna.ao\/rna.ao\/wp-content\/uploads\/2026\/08\/714b6614-f611-4d29-8cb8-31faf6bad294-770x422.jpeg 770w, https:\/\/rna.ao\/rna.ao\/wp-content\/uploads\/2026\/08\/714b6614-f611-4d29-8cb8-31faf6bad294-1170x642.jpeg 1170w, https:\/\/rna.ao\/rna.ao\/wp-content\/uploads\/2026\/08\/714b6614-f611-4d29-8cb8-31faf6bad294-768x421.jpeg 768w, https:\/\/rna.ao\/rna.ao\/wp-content\/uploads\/2026\/08\/714b6614-f611-4d29-8cb8-31faf6bad294.jpeg 1280w\" sizes=\"(max-width: 770px) 100vw, 770px\" \/><br \/>\nAngola participou, em Fort Monroe, nos Estados Unidos da Am\u00e9rica, na inaugura\u00e7\u00e3o de um monumento dedicado a Antoni, Isabela e ao filho William, figuras ligadas \u00e0 hist\u00f3ria dos primeiros angolanos documentados que chegaram \u00e0 Virg\u00ednia no in\u00edcio do s\u00e9culo XVII.<\/p>\n<p>O pa\u00eds esteve representado pelo ministro da Cultura, Filipe Zau, e pelo embaixador de Angola nos Estados Unidos, Agostinho Van-D\u00fanem, durante a cerim\u00f3nia integrada nas celebra\u00e7\u00f5es do African Landing 2026.<\/p>\n<p>O monumento procura preservar a mem\u00f3ria dos africanos levados para a Virg\u00ednia em condi\u00e7\u00f5es de priva\u00e7\u00e3o de liberdade e homenageia, em particular, os ancestrais da fam\u00edlia Tucker.<\/p>\n<p>Fort Monroe est\u00e1 historicamente associado \u00e0 chegada, em 1619, dos primeiros africanos documentados \u00e0 ent\u00e3o col\u00f3nia inglesa da Virg\u00ednia, entre os quais se encontravam pessoas oriundas da regi\u00e3o que corresponde actualmente a Angola.<\/p>\n<p>Segundo a Embaixada de Angola em Washington, a homenagem refor\u00e7a a dimens\u00e3o hist\u00f3rica dos la\u00e7os entre Angola e os Estados Unidos, estabelecidos atrav\u00e9s da presen\u00e7a humana angolana no territ\u00f3rio norte-americano muito antes do in\u00edcio das rela\u00e7\u00f5es diplom\u00e1ticas entre os dois pa\u00edses.<\/p>\n","protected":false},"excerpt":{"rendered":"<p>Angola participou, em Fort Monroe, nos Estados Unidos da Am\u00e9rica, na inaugura\u00e7\u00e3o de um monumento dedicado a Antoni, Isabela e ao filho William, figuras ligadas \u00e0 hist\u00f3ria dos primeiros angolanos documentados que chegaram \u00e0 Virg\u00ednia no in\u00edcio do s\u00e9culo XVII. O pa\u00eds esteve representado pelo ministro da Cultura, Filipe Zau, ...<\/p>\n","protected":false},"author":9,"featured_media":229875,"comment_status":"closed","ping_status":"closed","sticky":false,"template":"","format":"standard","meta":[],"categories":[142,121,163],"tags":[],"_links":{"self":[{"href":"https:\/\/rna.ao\/rna.ao\/wp-json\/wp\/v2\/posts\/229873"}],"collection":[{"href":"https:\/\/rna.ao\/rna.ao\/wp-json\/wp\/v2\/posts"}],"about":[{"href":"https:\/\/rna.ao\/rna.ao\/wp-json\/wp\/v2\/types\/post"}],"author":[{"embeddable":true,"href":"https:\/\/rna.ao\/rna.ao\/wp-json\/wp\/v2\/users\/9"}],"replies":[{"embeddable":true,"href":"https:\/\/rna.ao\/rna.ao\/wp-json\/wp\/v2\/comments?post=229873"}],"version-history":[{"count":1,"href":"https:\/\/rna.ao\/rna.ao\/wp-json\/wp\/v2\/posts\/229873\/revisions"}],"predecessor-version":[{"id":229876,"href":"https:\/\/rna.ao\/rna.ao\/wp-json\/wp\/v2\/posts\/229873\/revisions\/229876"}],"wp:featuredmedia":[{"embeddable":true,"href":"https:\/\/rna.ao\/rna.ao\/wp-json\/wp\/v2\/media\/229875"}],"wp:attachment":[{"href":"https:\/\/rna.ao\/rna.ao\/wp-json\/wp\/v2\/media?parent=229873"}],"wp:term":[{"taxonomy":"category","embeddable":true,"href":"https:\/\/rna.ao\/rna.ao\/wp-json\/wp\/v2\/categories?post=229873"},{"taxonomy":"post_tag","embeddable":true,"href":"https:\/\/rna.ao\/rna.ao\/wp-json\/wp\/v2\/tags?post=229873"}],"curies":[{"name":"wp","href":"https:\/\/api.w.org\/{rel}","templated":true}]}}