{"id":229859,"date":"2026-08-31T14:38:31","date_gmt":"2026-08-31T13:38:31","guid":{"rendered":"https:\/\/rna.ao\/rna.ao\/?p=229859"},"modified":"2026-08-31T14:59:52","modified_gmt":"2026-08-31T13:59:52","slug":"ano-lectivo-2026-2027-foi-aberto-oficialmente-hoje-na-provincia-do-huambo","status":"publish","type":"post","link":"https:\/\/rna.ao\/rna.ao\/2026\/08\/31\/ano-lectivo-2026-2027-foi-aberto-oficialmente-hoje-na-provincia-do-huambo\/","title":{"rendered":"Ano lectivo 2026-2027 foi aberto oficialmente hoje na prov\u00edncia do Huambo"},"content":{"rendered":"<div class=\"jsx-2a3b4af8f89fe3c1 group relative rounded-lg sm:rounded-xl shadow-sm border transition-all duration-300 cursor-pointer py-2 sm:py-1 px-2 sm:px-2 bg-white border-gray-100 hover:shadow-md hover:border-primary\/20 hover:bg-primary\/5\">\n<div class=\"jsx-2a3b4af8f89fe3c1 flex flex-col sm:flex-row sm:items-center gap-2 sm:gap-3\">\n<div class=\"jsx-2a3b4af8f89fe3c1 flex-1 min-w-0\">\n<p>&nbsp;<\/p>\n<p><img loading=\"lazy\" class=\"alignnone size-full wp-image-229864\" src=\"https:\/\/rna.ao\/rna.ao\/wp-content\/uploads\/2026\/08\/6284833_imagem.jpeg\" alt=\"\" width=\"720\" height=\"490\" \/><\/p>\n<p class=\"jsx-2a3b4af8f89fe3c1 leading-relaxed text-sm transition-colors duration-200 text-left break-words text-gray-800 group-hover:text-gray-900\">Est\u00e1 oficialmente aberto o ano eletivo de 2026-2027.<\/p>\n<\/div>\n<\/div>\n<\/div>\n<div class=\"jsx-2a3b4af8f89fe3c1 group relative rounded-lg sm:rounded-xl shadow-sm border transition-all duration-300 cursor-pointer py-2 sm:py-1 px-2 sm:px-2 bg-white border-gray-100 hover:shadow-md hover:border-primary\/20 hover:bg-primary\/5\">\n<div class=\"jsx-2a3b4af8f89fe3c1 flex flex-col sm:flex-row sm:items-center gap-2 sm:gap-3\">\n<div class=\"jsx-2a3b4af8f89fe3c1 flex items-center gap-2 sm:gap-3\">O acto de abertura aconteceu esta manh\u00e3 desta segunda-feira na prov\u00edncia do Huambo e foi orientado pela Ministra da Educa\u00e7\u00e3o, Erika de Carvalho.<\/div>\n<\/div>\n<div class=\"jsx-2a3b4af8f89fe3c1 absolute left-0 top-0 bottom-0 w-1 rounded-l-xl transition-opacity duration-300 bg-primary opacity-0 group-hover:opacity-100\">\n<div class=\"jsx-2a3b4af8f89fe3c1 flex flex-col sm:flex-row sm:items-center gap-2 sm:gap-3\" style=\"display: inline !important;\">\n<div><\/div>\n<div>Na ocasi\u00e3o, a governante anunciou que o novo ano lectivo contar\u00e1 com 140 novas escolas e 3 milh\u00f5es de alunos abrangidos pelo Programa de alimenta\u00e7\u00e3o Escolar. Jornalista Fidel Custodio. Clique no \u00e1udio abaixo e ou\u00e7a:<\/div>\n<div class=\"jsx-2a3b4af8f89fe3c1 flex items-center gap-2 sm:gap-3\" style=\"display: inline !important;\">\n\t<div class=\"qtmplayer-playlist-large\">\n\t\t<ul class=\"qtmplayer-playlist\">\n\t\t\t\n\t\t\t\t\t<li class=\"qtmplayer-trackitem\">\n\t\t<img src=\"https:\/\/rna.ao\/rna.ao\/wp-content\/uploads\/2026\/08\/6284833_imagem-100x100.jpeg\" alt=\"cover\">\t\t<span \t\t\tdata-qtmplayer-cover=\"https:\/\/rna.ao\/rna.ao\/wp-content\/uploads\/2026\/08\/6284833_imagem-370x370.jpeg\"\n\t\t\t\t\t\tdata-qtmplayer-file=\"https:\/\/rna.ao\/rna.ao\/wp-content\/uploads\/2026\/08\/FIDEL-CUSTODIO.mp3\"\n\t\t\t\t\t\tdata-qtmplayer-title=\"Ano lectivo 2026-2027 foi aberto oficialmente hoje na prov\u00edncia do Huambo\"\n\t\t\t\t\t\tdata-qtmplayer-artist=\"Patr\u00edcia Campos\"\n\t\t\t\t\t\tdata-qtmplayer-link=\"https:\/\/rna.ao\/rna.ao\/2026\/08\/31\/ano-lectivo-2026-2027-foi-aberto-oficialmente-hoje-na-provincia-do-huambo\/\"\n\t\t\t\t\t\tdata-qtmplayer-icon=\"file_download\"\n\t\t\t\t\t\tdata-qtmplayer-type=\"track\"\n\t\t\t class=\"qtmplayer-play qtmplayer-link-sec qtmplayer-play-btn\"><i class='material-icons'>play_arrow<\/i><\/span>\n\t\t<p>\n\t\t\t<span class=\"qtmplayer-tit\">Ano lectivo 2026-2027 foi aberto oficialmente hoje na prov\u00edncia do Huambo<\/span>\n\t\t\t<span class=\"qtmplayer-art\">Patr\u00edcia Campos<\/span>\n\t\t<\/p>\n\t<\/li>\n\t\t<\/ul>\n\t<\/div>\t\t\t\n\t\n<p>&nbsp;<\/p>\n<\/div>\n<\/div>\n<\/div>\n<\/div>\n<div class=\"jsx-2a3b4af8f89fe3c1 group relative rounded-lg sm:rounded-xl shadow-sm border transition-all duration-300 cursor-pointer py-2 sm:py-1 px-2 sm:px-2 bg-white border-gray-100 hover:shadow-md hover:border-primary\/20 hover:bg-primary\/5\">\n<div class=\"jsx-2a3b4af8f89fe3c1 flex flex-col sm:flex-row sm:items-center gap-2 sm:gap-3\">\n<div class=\"jsx-2a3b4af8f89fe3c1 flex items-center gap-2 sm:gap-3\">Ainda hoje a Ministra da Educa\u00e7\u00e3o procedeu \u00e0 reinaugura\u00e7\u00e3o do Complexo Escolar 103 do Bairro da S\u00e3o Jo\u00e3o, com 12 salas de aula, Bem como a entrega de 200 computadores, mais de 20 mil carteiras e 131 mil manuais escolares.<\/div>\n<\/div>\n<\/div>\n<div class=\"jsx-2a3b4af8f89fe3c1 group relative rounded-lg sm:rounded-xl shadow-sm border transition-all duration-300 cursor-pointer py-2 sm:py-1 px-2 sm:px-2 bg-white border-gray-100 hover:shadow-md hover:border-primary\/20 hover:bg-primary\/5\">\n<div class=\"jsx-2a3b4af8f89fe3c1 flex flex-col sm:flex-row sm:items-center gap-2 sm:gap-3\">\n<div class=\"jsx-2a3b4af8f89fe3c1 flex items-center gap-2 sm:gap-3\"><\/div>\n<div class=\"jsx-2a3b4af8f89fe3c1 flex-1 min-w-0\">\n<p class=\"jsx-2a3b4af8f89fe3c1 leading-relaxed text-sm transition-colors duration-200 text-left break-words text-gray-800 group-hover:text-gray-900\">\n<\/div>\n<\/div>\n<\/div>\n","protected":false},"excerpt":{"rendered":"<p>&nbsp; Est\u00e1 oficialmente aberto o ano eletivo de 2026-2027. O acto de abertura aconteceu esta manh\u00e3 desta segunda-feira na prov\u00edncia do Huambo e foi orientado pela Ministra da Educa\u00e7\u00e3o, Erika de Carvalho. Na ocasi\u00e3o, a governante anunciou que o novo ano lectivo contar\u00e1 com 140 novas escolas e 3 milh\u00f5es ...<\/p>\n","protected":false},"author":21,"featured_media":229864,"comment_status":"closed","ping_status":"closed","sticky":false,"template":"","format":"standard","meta":[],"categories":[142,121,164,163,1],"tags":[],"_links":{"self":[{"href":"https:\/\/rna.ao\/rna.ao\/wp-json\/wp\/v2\/posts\/229859"}],"collection":[{"href":"https:\/\/rna.ao\/rna.ao\/wp-json\/wp\/v2\/posts"}],"about":[{"href":"https:\/\/rna.ao\/rna.ao\/wp-json\/wp\/v2\/types\/post"}],"author":[{"embeddable":true,"href":"https:\/\/rna.ao\/rna.ao\/wp-json\/wp\/v2\/users\/21"}],"replies":[{"embeddable":true,"href":"https:\/\/rna.ao\/rna.ao\/wp-json\/wp\/v2\/comments?post=229859"}],"version-history":[{"count":4,"href":"https:\/\/rna.ao\/rna.ao\/wp-json\/wp\/v2\/posts\/229859\/revisions"}],"predecessor-version":[{"id":229868,"href":"https:\/\/rna.ao\/rna.ao\/wp-json\/wp\/v2\/posts\/229859\/revisions\/229868"}],"wp:featuredmedia":[{"embeddable":true,"href":"https:\/\/rna.ao\/rna.ao\/wp-json\/wp\/v2\/media\/229864"}],"wp:attachment":[{"href":"https:\/\/rna.ao\/rna.ao\/wp-json\/wp\/v2\/media?parent=229859"}],"wp:term":[{"taxonomy":"category","embeddable":true,"href":"https:\/\/rna.ao\/rna.ao\/wp-json\/wp\/v2\/categories?post=229859"},{"taxonomy":"post_tag","embeddable":true,"href":"https:\/\/rna.ao\/rna.ao\/wp-json\/wp\/v2\/tags?post=229859"}],"curies":[{"name":"wp","href":"https:\/\/api.w.org\/{rel}","templated":true}]}}