{"id":229844,"date":"2026-08-31T14:04:15","date_gmt":"2026-08-31T13:04:15","guid":{"rendered":"https:\/\/rna.ao\/rna.ao\/?p=229844"},"modified":"2026-08-31T14:08:05","modified_gmt":"2026-08-31T13:08:05","slug":"angola-vai-importar-ate-dezembro-deste-ano-146-mil-toneladas-de-fertilizantes","status":"publish","type":"post","link":"https:\/\/rna.ao\/rna.ao\/2026\/08\/31\/angola-vai-importar-ate-dezembro-deste-ano-146-mil-toneladas-de-fertilizantes\/","title":{"rendered":"Angola vai importar at\u00e9 Dezembro deste ano 146 mil toneladas de fertilizantes"},"content":{"rendered":"<div class=\"jsx-2a3b4af8f89fe3c1 group relative rounded-lg sm:rounded-xl shadow-sm border transition-all duration-300 cursor-pointer py-2 sm:py-1 px-2 sm:px-2 bg-white border-gray-100 hover:shadow-md hover:border-primary\/20 hover:bg-primary\/5\">\n<div class=\"jsx-2a3b4af8f89fe3c1 flex flex-col sm:flex-row sm:items-center gap-2 sm:gap-3\">\n<div class=\"jsx-2a3b4af8f89fe3c1 flex-1 min-w-0\">\n<p><img loading=\"lazy\" class=\"alignnone size-full wp-image-89384\" src=\"https:\/\/rna.ao\/rna.ao\/wp-content\/uploads\/2023\/01\/Fertilizantes.jpg\" alt=\"\" width=\"600\" height=\"315\" \/><\/p>\n<p class=\"jsx-2a3b4af8f89fe3c1 leading-relaxed text-sm transition-colors duration-200 text-left break-words text-gray-800 group-hover:text-gray-900\">\u00a0Angola vai importar, at\u00e9 dezembro deste ano, 146 mil toneladas de fertilizantes para refor\u00e7ar a campanha agr\u00edcola 2026-2027.<\/p>\n<\/div>\n<\/div>\n<div class=\"jsx-2a3b4af8f89fe3c1 absolute left-0 top-0 bottom-0 w-1 rounded-l-xl transition-opacity duration-300 bg-primary opacity-0 group-hover:opacity-100\">Nesta altura, no pa\u00eds j\u00e1 se encontram mais de 100 mil toneladas de insumos para comercializa\u00e7\u00e3o provenientes de Marrocos.<\/div>\n<\/div>\n<div class=\"jsx-2a3b4af8f89fe3c1 group relative rounded-lg sm:rounded-xl shadow-sm border transition-all duration-300 cursor-pointer py-2 sm:py-1 px-2 sm:px-2 bg-white border-gray-100 hover:shadow-md hover:border-primary\/20 hover:bg-primary\/5\"><\/div>\n<div class=\"jsx-2a3b4af8f89fe3c1 group relative rounded-lg sm:rounded-xl shadow-sm border transition-all duration-300 cursor-pointer py-2 sm:py-1 px-2 sm:px-2 bg-white border-gray-100 hover:shadow-md hover:border-primary\/20 hover:bg-primary\/5\">\n<div class=\"jsx-2a3b4af8f89fe3c1 flex flex-col sm:flex-row sm:items-center gap-2 sm:gap-3\">\n<div class=\"jsx-2a3b4af8f89fe3c1 flex items-center gap-2 sm:gap-3\"><\/div>\n<div class=\"jsx-2a3b4af8f89fe3c1 flex items-center gap-2 sm:gap-3\">O Ministro da Agricultura e Florestas, Isaac dos Anjos avan\u00e7a que a quantidade de fertilizantes \u00e9 suficiente para servir para a pr\u00f3xima campanha agr\u00edcola. Clique no \u00e1udio abaixo e ou\u00e7a:<\/div>\n<div class=\"jsx-2a3b4af8f89fe3c1 flex-1 min-w-0\">\n\t<div class=\"qtmplayer-playlist-large\">\n\t\t<ul class=\"qtmplayer-playlist\">\n\t\t\t\n\t\t\t\t\t<li class=\"qtmplayer-trackitem\">\n\t\t<img src=\"https:\/\/rna.ao\/rna.ao\/wp-content\/uploads\/2023\/01\/Fertilizantes-100x100.jpg\" alt=\"cover\">\t\t<span \t\t\tdata-qtmplayer-cover=\"https:\/\/rna.ao\/rna.ao\/wp-content\/uploads\/2023\/01\/Fertilizantes.jpg\"\n\t\t\t\t\t\tdata-qtmplayer-file=\"https:\/\/rna.ao\/rna.ao\/wp-content\/uploads\/2026\/08\/ISAAC-DOS-ANJOS-1.mp3\"\n\t\t\t\t\t\tdata-qtmplayer-title=\"Angola vai importar at\u00e9 Dezembro deste ano 146 mil toneladas de fertilizantes\"\n\t\t\t\t\t\tdata-qtmplayer-artist=\"Patr\u00edcia Campos\"\n\t\t\t\t\t\tdata-qtmplayer-link=\"https:\/\/rna.ao\/rna.ao\/2026\/08\/31\/angola-vai-importar-ate-dezembro-deste-ano-146-mil-toneladas-de-fertilizantes\/\"\n\t\t\t\t\t\tdata-qtmplayer-icon=\"file_download\"\n\t\t\t\t\t\tdata-qtmplayer-type=\"track\"\n\t\t\t class=\"qtmplayer-play qtmplayer-link-sec qtmplayer-play-btn\"><i class='material-icons'>play_arrow<\/i><\/span>\n\t\t<p>\n\t\t\t<span class=\"qtmplayer-tit\">Angola vai importar at\u00e9 Dezembro deste ano 146 mil toneladas de fertilizantes<\/span>\n\t\t\t<span class=\"qtmplayer-art\">Patr\u00edcia Campos<\/span>\n\t\t<\/p>\n\t<\/li>\n\t\t<\/ul>\n\t<\/div>\t\t\t\n\t\n<p>Por outro lado, o ministro Isaac dos Anjos disse que as guerras no M\u00e9dio Oriente e a R\u00fassia e a Ucr\u00e2nia est\u00e3o a contribuir para a escassez de fertilizantes no mercado mundial. Clique no \u00e1udio abaixo e ou\u00e7a:<\/p>\n\t<div class=\"qtmplayer-playlist-large\">\n\t\t<ul class=\"qtmplayer-playlist\">\n\t\t\t\n\t\t\t\t\t<li class=\"qtmplayer-trackitem\">\n\t\t<img src=\"https:\/\/rna.ao\/rna.ao\/wp-content\/uploads\/2023\/01\/Fertilizantes-100x100.jpg\" alt=\"cover\">\t\t<span \t\t\tdata-qtmplayer-cover=\"https:\/\/rna.ao\/rna.ao\/wp-content\/uploads\/2023\/01\/Fertilizantes.jpg\"\n\t\t\t\t\t\tdata-qtmplayer-file=\"https:\/\/rna.ao\/rna.ao\/wp-content\/uploads\/2026\/08\/ISAAC-DOS-ANJOS-2.mp3\"\n\t\t\t\t\t\tdata-qtmplayer-title=\"Angola vai importar at\u00e9 Dezembro deste ano 146 mil toneladas de fertilizantes\"\n\t\t\t\t\t\tdata-qtmplayer-artist=\"Patr\u00edcia Campos\"\n\t\t\t\t\t\tdata-qtmplayer-link=\"https:\/\/rna.ao\/rna.ao\/2026\/08\/31\/angola-vai-importar-ate-dezembro-deste-ano-146-mil-toneladas-de-fertilizantes\/\"\n\t\t\t\t\t\tdata-qtmplayer-icon=\"file_download\"\n\t\t\t\t\t\tdata-qtmplayer-type=\"track\"\n\t\t\t class=\"qtmplayer-play qtmplayer-link-sec qtmplayer-play-btn\"><i class='material-icons'>play_arrow<\/i><\/span>\n\t\t<p>\n\t\t\t<span class=\"qtmplayer-tit\">Angola vai importar at\u00e9 Dezembro deste ano 146 mil toneladas de fertilizantes<\/span>\n\t\t\t<span class=\"qtmplayer-art\">Patr\u00edcia Campos<\/span>\n\t\t<\/p>\n\t<\/li>\n\t\t<\/ul>\n\t<\/div>\t\t\t\n\t\n<p>Manuel Monteiro, da empresa Ferti Angola, mostra-se pronto para empreitada e garante que os fertilizantes v\u00e3o chegar a todos os produtores agr\u00edcolas. Clique no \u00e1udio abaixo e ou\u00e7a:<\/p>\n\t<div class=\"qtmplayer-playlist-large\">\n\t\t<ul class=\"qtmplayer-playlist\">\n\t\t\t\n\t\t\t\t\t<li class=\"qtmplayer-trackitem\">\n\t\t<img src=\"https:\/\/rna.ao\/rna.ao\/wp-content\/uploads\/2023\/01\/Fertilizantes-100x100.jpg\" alt=\"cover\">\t\t<span \t\t\tdata-qtmplayer-cover=\"https:\/\/rna.ao\/rna.ao\/wp-content\/uploads\/2023\/01\/Fertilizantes.jpg\"\n\t\t\t\t\t\tdata-qtmplayer-file=\"https:\/\/rna.ao\/rna.ao\/wp-content\/uploads\/2026\/08\/MANUEL-MONTEIRO.mp3\"\n\t\t\t\t\t\tdata-qtmplayer-title=\"Angola vai importar at\u00e9 Dezembro deste ano 146 mil toneladas de fertilizantes\"\n\t\t\t\t\t\tdata-qtmplayer-artist=\"Patr\u00edcia Campos\"\n\t\t\t\t\t\tdata-qtmplayer-link=\"https:\/\/rna.ao\/rna.ao\/2026\/08\/31\/angola-vai-importar-ate-dezembro-deste-ano-146-mil-toneladas-de-fertilizantes\/\"\n\t\t\t\t\t\tdata-qtmplayer-icon=\"file_download\"\n\t\t\t\t\t\tdata-qtmplayer-type=\"track\"\n\t\t\t class=\"qtmplayer-play qtmplayer-link-sec qtmplayer-play-btn\"><i class='material-icons'>play_arrow<\/i><\/span>\n\t\t<p>\n\t\t\t<span class=\"qtmplayer-tit\">Angola vai importar at\u00e9 Dezembro deste ano 146 mil toneladas de fertilizantes<\/span>\n\t\t\t<span class=\"qtmplayer-art\">Patr\u00edcia Campos<\/span>\n\t\t<\/p>\n\t<\/li>\n\t\t<\/ul>\n\t<\/div>\t\t\t\n\t\n<\/div>\n<\/div>\n<\/div>\n","protected":false},"excerpt":{"rendered":"<p>\u00a0Angola vai importar, at\u00e9 dezembro deste ano, 146 mil toneladas de fertilizantes para refor\u00e7ar a campanha agr\u00edcola 2026-2027. Nesta altura, no pa\u00eds j\u00e1 se encontram mais de 100 mil toneladas de insumos para comercializa\u00e7\u00e3o provenientes de Marrocos. O Ministro da Agricultura e Florestas, Isaac dos Anjos avan\u00e7a que a quantidade ...<\/p>\n","protected":false},"author":21,"featured_media":89384,"comment_status":"closed","ping_status":"closed","sticky":false,"template":"","format":"standard","meta":[],"categories":[142,121,164,163],"tags":[],"_links":{"self":[{"href":"https:\/\/rna.ao\/rna.ao\/wp-json\/wp\/v2\/posts\/229844"}],"collection":[{"href":"https:\/\/rna.ao\/rna.ao\/wp-json\/wp\/v2\/posts"}],"about":[{"href":"https:\/\/rna.ao\/rna.ao\/wp-json\/wp\/v2\/types\/post"}],"author":[{"embeddable":true,"href":"https:\/\/rna.ao\/rna.ao\/wp-json\/wp\/v2\/users\/21"}],"replies":[{"embeddable":true,"href":"https:\/\/rna.ao\/rna.ao\/wp-json\/wp\/v2\/comments?post=229844"}],"version-history":[{"count":4,"href":"https:\/\/rna.ao\/rna.ao\/wp-json\/wp\/v2\/posts\/229844\/revisions"}],"predecessor-version":[{"id":229851,"href":"https:\/\/rna.ao\/rna.ao\/wp-json\/wp\/v2\/posts\/229844\/revisions\/229851"}],"wp:featuredmedia":[{"embeddable":true,"href":"https:\/\/rna.ao\/rna.ao\/wp-json\/wp\/v2\/media\/89384"}],"wp:attachment":[{"href":"https:\/\/rna.ao\/rna.ao\/wp-json\/wp\/v2\/media?parent=229844"}],"wp:term":[{"taxonomy":"category","embeddable":true,"href":"https:\/\/rna.ao\/rna.ao\/wp-json\/wp\/v2\/categories?post=229844"},{"taxonomy":"post_tag","embeddable":true,"href":"https:\/\/rna.ao\/rna.ao\/wp-json\/wp\/v2\/tags?post=229844"}],"curies":[{"name":"wp","href":"https:\/\/api.w.org\/{rel}","templated":true}]}}