{"id":229805,"date":"2026-08-31T09:10:55","date_gmt":"2026-08-31T08:10:55","guid":{"rendered":"https:\/\/rna.ao\/rna.ao\/?p=229805"},"modified":"2026-08-31T09:10:55","modified_gmt":"2026-08-31T08:10:55","slug":"municipio-do-cuango-celebra-amanha-55-anos-da-sua-criacao-a-data-sera-marcada-com-a-retoma-do-sinal-da-rna-na-regiao-da-bacia-do-cuango","status":"publish","type":"post","link":"https:\/\/rna.ao\/rna.ao\/2026\/08\/31\/municipio-do-cuango-celebra-amanha-55-anos-da-sua-criacao-a-data-sera-marcada-com-a-retoma-do-sinal-da-rna-na-regiao-da-bacia-do-cuango\/","title":{"rendered":"Munic\u00edpio do\u00a0Cuango\u00a0celebra amanh\u00e3 55 anos da sua cria\u00e7\u00e3o. A Data ser\u00e1 marcada com a retoma do sinal da RNA na regi\u00e3o da Bacia do Cuango"},"content":{"rendered":"<p>&nbsp;<\/p>\n<p><img loading=\"lazy\" class=\"alignnone size-full wp-image-50128\" src=\"https:\/\/rna.ao\/rna.ao\/wp-content\/uploads\/2022\/01\/Cidadaos-a-ouvir-radio.jpg\" alt=\"\" width=\"259\" height=\"194\" \/><\/p>\n<p>Os seis munic\u00edpios da conhecida Bacia do Cuango na Lunda-Norte, onde consta o munic\u00edpio do Cuango, voltam a ter o sinal da RNA a partir desta ter\u00e7a-feira, 1 de Setembro.<\/p>\n<p>O projecto \u00e9 uma parceria RNA, Governo da Lunda-Norte e Administra\u00e7\u00e3o Municipal do Cuango, e entra nas celebra\u00e7\u00f5es dos 55 anos da Vila do Cuango.<\/p>\n<p>A este projecto que retoma amanh\u00e3, Ant\u00f3nio Mussumari, Administrador do Cuango, agrega tamb\u00e9m as iniciativas em curso focadas na produ\u00e7\u00e3o de energia e \u00e1guas. Clique no \u00e1udio abaixo e ou\u00e7a:<\/p>\n\t<div class=\"qtmplayer-playlist-large\">\n\t\t<ul class=\"qtmplayer-playlist\">\n\t\t\t\n\t\t\t\t\t<li class=\"qtmplayer-trackitem\">\n\t\t<img src=\"https:\/\/rna.ao\/rna.ao\/wp-content\/uploads\/2022\/01\/Cidadaos-a-ouvir-radio-100x100.jpg\" alt=\"cover\">\t\t<span \t\t\tdata-qtmplayer-cover=\"https:\/\/rna.ao\/rna.ao\/wp-content\/uploads\/2022\/01\/Cidadaos-a-ouvir-radio.jpg\"\n\t\t\t\t\t\tdata-qtmplayer-file=\"https:\/\/rna.ao\/rna.ao\/wp-content\/uploads\/2026\/08\/ANTONIO-MUSSUMARI-1-07-HRS.mp3.mp3\"\n\t\t\t\t\t\tdata-qtmplayer-title=\"Munic\u00edpio do\u00a0Cuango\u00a0celebra amanh\u00e3 55 anos da sua cria\u00e7\u00e3o. A Data ser\u00e1 marcada com a retoma do sinal da RNA na regi\u00e3o da Bacia do Cuango\"\n\t\t\t\t\t\tdata-qtmplayer-artist=\"Patr\u00edcia Campos\"\n\t\t\t\t\t\tdata-qtmplayer-link=\"https:\/\/rna.ao\/rna.ao\/2026\/08\/31\/municipio-do-cuango-celebra-amanha-55-anos-da-sua-criacao-a-data-sera-marcada-com-a-retoma-do-sinal-da-rna-na-regiao-da-bacia-do-cuango\/\"\n\t\t\t\t\t\tdata-qtmplayer-icon=\"file_download\"\n\t\t\t\t\t\tdata-qtmplayer-type=\"track\"\n\t\t\t class=\"qtmplayer-play qtmplayer-link-sec qtmplayer-play-btn\"><i class='material-icons'>play_arrow<\/i><\/span>\n\t\t<p>\n\t\t\t<span class=\"qtmplayer-tit\">Munic\u00edpio do\u00a0Cuango\u00a0celebra amanh\u00e3 55 anos da sua cria\u00e7\u00e3o. A Data ser\u00e1 marcada com a retoma do sinal da RNA na regi\u00e3o da Bacia do Cuango<\/span>\n\t\t\t<span class=\"qtmplayer-art\">Patr\u00edcia Campos<\/span>\n\t\t<\/p>\n\t<\/li>\n\t\t<\/ul>\n\t<\/div>\t\t\t\n\t\n<p>&nbsp;<\/p>\n<p>Ant\u00f3nio Mussumari diz, no entanto, que por esta altura, preocupa a Administra\u00e7\u00e3o do Cuango, os casos de vandaliza\u00e7\u00e3o do projecto solar fotovoltaico do munic\u00edpio. Clique no \u00e1udio abaixo e ou\u00e7a:<\/p>\n\t<div class=\"qtmplayer-playlist-large\">\n\t\t<ul class=\"qtmplayer-playlist\">\n\t\t\t\n\t\t\t\t\t<li class=\"qtmplayer-trackitem\">\n\t\t<img src=\"https:\/\/rna.ao\/rna.ao\/wp-content\/uploads\/2022\/01\/Cidadaos-a-ouvir-radio-100x100.jpg\" alt=\"cover\">\t\t<span \t\t\tdata-qtmplayer-cover=\"https:\/\/rna.ao\/rna.ao\/wp-content\/uploads\/2022\/01\/Cidadaos-a-ouvir-radio.jpg\"\n\t\t\t\t\t\tdata-qtmplayer-file=\"https:\/\/rna.ao\/rna.ao\/wp-content\/uploads\/2026\/08\/ANTONIO-MUSSUMARI-2-07-HRS.mp3.mp3\"\n\t\t\t\t\t\tdata-qtmplayer-title=\"Munic\u00edpio do\u00a0Cuango\u00a0celebra amanh\u00e3 55 anos da sua cria\u00e7\u00e3o. A Data ser\u00e1 marcada com a retoma do sinal da RNA na regi\u00e3o da Bacia do Cuango\"\n\t\t\t\t\t\tdata-qtmplayer-artist=\"Patr\u00edcia Campos\"\n\t\t\t\t\t\tdata-qtmplayer-link=\"https:\/\/rna.ao\/rna.ao\/2026\/08\/31\/municipio-do-cuango-celebra-amanha-55-anos-da-sua-criacao-a-data-sera-marcada-com-a-retoma-do-sinal-da-rna-na-regiao-da-bacia-do-cuango\/\"\n\t\t\t\t\t\tdata-qtmplayer-icon=\"file_download\"\n\t\t\t\t\t\tdata-qtmplayer-type=\"track\"\n\t\t\t class=\"qtmplayer-play qtmplayer-link-sec qtmplayer-play-btn\"><i class='material-icons'>play_arrow<\/i><\/span>\n\t\t<p>\n\t\t\t<span class=\"qtmplayer-tit\">Munic\u00edpio do\u00a0Cuango\u00a0celebra amanh\u00e3 55 anos da sua cria\u00e7\u00e3o. A Data ser\u00e1 marcada com a retoma do sinal da RNA na regi\u00e3o da Bacia do Cuango<\/span>\n\t\t\t<span class=\"qtmplayer-art\">Patr\u00edcia Campos<\/span>\n\t\t<\/p>\n\t<\/li>\n\t\t<\/ul>\n\t<\/div>\t\t\t\n\t\n<p>&nbsp;<\/p>\n","protected":false},"excerpt":{"rendered":"<p>&nbsp; Os seis munic\u00edpios da conhecida Bacia do Cuango na Lunda-Norte, onde consta o munic\u00edpio do Cuango, voltam a ter o sinal da RNA a partir desta ter\u00e7a-feira, 1 de Setembro. O projecto \u00e9 uma parceria RNA, Governo da Lunda-Norte e Administra\u00e7\u00e3o Municipal do Cuango, e entra nas celebra\u00e7\u00f5es dos ...<\/p>\n","protected":false},"author":21,"featured_media":50128,"comment_status":"closed","ping_status":"closed","sticky":false,"template":"","format":"standard","meta":[],"categories":[142,121,164,163],"tags":[],"_links":{"self":[{"href":"https:\/\/rna.ao\/rna.ao\/wp-json\/wp\/v2\/posts\/229805"}],"collection":[{"href":"https:\/\/rna.ao\/rna.ao\/wp-json\/wp\/v2\/posts"}],"about":[{"href":"https:\/\/rna.ao\/rna.ao\/wp-json\/wp\/v2\/types\/post"}],"author":[{"embeddable":true,"href":"https:\/\/rna.ao\/rna.ao\/wp-json\/wp\/v2\/users\/21"}],"replies":[{"embeddable":true,"href":"https:\/\/rna.ao\/rna.ao\/wp-json\/wp\/v2\/comments?post=229805"}],"version-history":[{"count":1,"href":"https:\/\/rna.ao\/rna.ao\/wp-json\/wp\/v2\/posts\/229805\/revisions"}],"predecessor-version":[{"id":229808,"href":"https:\/\/rna.ao\/rna.ao\/wp-json\/wp\/v2\/posts\/229805\/revisions\/229808"}],"wp:featuredmedia":[{"embeddable":true,"href":"https:\/\/rna.ao\/rna.ao\/wp-json\/wp\/v2\/media\/50128"}],"wp:attachment":[{"href":"https:\/\/rna.ao\/rna.ao\/wp-json\/wp\/v2\/media?parent=229805"}],"wp:term":[{"taxonomy":"category","embeddable":true,"href":"https:\/\/rna.ao\/rna.ao\/wp-json\/wp\/v2\/categories?post=229805"},{"taxonomy":"post_tag","embeddable":true,"href":"https:\/\/rna.ao\/rna.ao\/wp-json\/wp\/v2\/tags?post=229805"}],"curies":[{"name":"wp","href":"https:\/\/api.w.org\/{rel}","templated":true}]}}