{"id":229798,"date":"2026-08-31T08:35:11","date_gmt":"2026-08-31T07:35:11","guid":{"rendered":"https:\/\/rna.ao\/rna.ao\/?p=229798"},"modified":"2026-08-31T08:35:11","modified_gmt":"2026-08-31T07:35:11","slug":"malanje-acolhe-primeiro-simposio-sobre-plantas-medicinais","status":"publish","type":"post","link":"https:\/\/rna.ao\/rna.ao\/2026\/08\/31\/malanje-acolhe-primeiro-simposio-sobre-plantas-medicinais\/","title":{"rendered":"Malanje acolhe primeiro simp\u00f3sio sobre plantas medicinais"},"content":{"rendered":"<p><img loading=\"lazy\" class=\"alignnone  wp-image-176498\" src=\"https:\/\/rna.ao\/rna.ao\/wp-content\/uploads\/2025\/04\/plantacao-de-mudas-de-plantas-em-angola.jpg\" alt=\"\" width=\"389\" height=\"324\" \/><\/p>\n<p>Arranca hoje em Malanje, o primeiro simp\u00f3sio sobre plantas medicinais.<\/p>\n<p>Organizado pela Universidade Rainha Njinga Mbandi em parceria com a Academia de Ci\u00eancias Sociais e Tecnologia, o evento vai juntar fundamentalmente acad\u00e9micos e terapeutas tradicionais.<\/p>\n<p>Jornalista Carlos Jorge. Clique no \u00e1udio abaixo e ou\u00e7a:<\/p>\n\t<div class=\"qtmplayer-playlist-large\">\n\t\t<ul class=\"qtmplayer-playlist\">\n\t\t\t\n\t\t\t\t\t<li class=\"qtmplayer-trackitem\">\n\t\t<img src=\"https:\/\/rna.ao\/rna.ao\/wp-content\/uploads\/2025\/04\/plantacao-de-mudas-de-plantas-em-angola-100x100.jpg\" alt=\"cover\">\t\t<span \t\t\tdata-qtmplayer-cover=\"https:\/\/rna.ao\/rna.ao\/wp-content\/uploads\/2025\/04\/plantacao-de-mudas-de-plantas-em-angola.jpg\"\n\t\t\t\t\t\tdata-qtmplayer-file=\"https:\/\/rna.ao\/rna.ao\/wp-content\/uploads\/2026\/08\/MALANJE-PLANTAS-MEDICINAIS-07-HRS.mp3.mp3\"\n\t\t\t\t\t\tdata-qtmplayer-title=\"Malanje acolhe primeiro simp\u00f3sio sobre plantas medicinais\"\n\t\t\t\t\t\tdata-qtmplayer-artist=\"Patr\u00edcia Campos\"\n\t\t\t\t\t\tdata-qtmplayer-link=\"https:\/\/rna.ao\/rna.ao\/2026\/08\/31\/malanje-acolhe-primeiro-simposio-sobre-plantas-medicinais\/\"\n\t\t\t\t\t\tdata-qtmplayer-icon=\"file_download\"\n\t\t\t\t\t\tdata-qtmplayer-type=\"track\"\n\t\t\t class=\"qtmplayer-play qtmplayer-link-sec qtmplayer-play-btn\"><i class='material-icons'>play_arrow<\/i><\/span>\n\t\t<p>\n\t\t\t<span class=\"qtmplayer-tit\">Malanje acolhe primeiro simp\u00f3sio sobre plantas medicinais<\/span>\n\t\t\t<span class=\"qtmplayer-art\">Patr\u00edcia Campos<\/span>\n\t\t<\/p>\n\t<\/li>\n\t\t<\/ul>\n\t<\/div>\t\t\t\n\t\n<p>&nbsp;<\/p>\n<p>&nbsp;<\/p>\n","protected":false},"excerpt":{"rendered":"<p>Arranca hoje em Malanje, o primeiro simp\u00f3sio sobre plantas medicinais. Organizado pela Universidade Rainha Njinga Mbandi em parceria com a Academia de Ci\u00eancias Sociais e Tecnologia, o evento vai juntar fundamentalmente acad\u00e9micos e terapeutas tradicionais. Jornalista Carlos Jorge. Clique no \u00e1udio abaixo e ou\u00e7a: &nbsp; &nbsp;<\/p>\n","protected":false},"author":21,"featured_media":176498,"comment_status":"closed","ping_status":"closed","sticky":false,"template":"","format":"standard","meta":[],"categories":[142,121,164,163],"tags":[],"_links":{"self":[{"href":"https:\/\/rna.ao\/rna.ao\/wp-json\/wp\/v2\/posts\/229798"}],"collection":[{"href":"https:\/\/rna.ao\/rna.ao\/wp-json\/wp\/v2\/posts"}],"about":[{"href":"https:\/\/rna.ao\/rna.ao\/wp-json\/wp\/v2\/types\/post"}],"author":[{"embeddable":true,"href":"https:\/\/rna.ao\/rna.ao\/wp-json\/wp\/v2\/users\/21"}],"replies":[{"embeddable":true,"href":"https:\/\/rna.ao\/rna.ao\/wp-json\/wp\/v2\/comments?post=229798"}],"version-history":[{"count":1,"href":"https:\/\/rna.ao\/rna.ao\/wp-json\/wp\/v2\/posts\/229798\/revisions"}],"predecessor-version":[{"id":229801,"href":"https:\/\/rna.ao\/rna.ao\/wp-json\/wp\/v2\/posts\/229798\/revisions\/229801"}],"wp:featuredmedia":[{"embeddable":true,"href":"https:\/\/rna.ao\/rna.ao\/wp-json\/wp\/v2\/media\/176498"}],"wp:attachment":[{"href":"https:\/\/rna.ao\/rna.ao\/wp-json\/wp\/v2\/media?parent=229798"}],"wp:term":[{"taxonomy":"category","embeddable":true,"href":"https:\/\/rna.ao\/rna.ao\/wp-json\/wp\/v2\/categories?post=229798"},{"taxonomy":"post_tag","embeddable":true,"href":"https:\/\/rna.ao\/rna.ao\/wp-json\/wp\/v2\/tags?post=229798"}],"curies":[{"name":"wp","href":"https:\/\/api.w.org\/{rel}","templated":true}]}}