{"id":22332,"date":"2021-04-26T08:08:50","date_gmt":"2021-04-26T07:08:50","guid":{"rendered":"https:\/\/rna.ao\/rna.ao\/?p=22332"},"modified":"2021-04-26T08:08:50","modified_gmt":"2021-04-26T07:08:50","slug":"argentina-investe-45-milhoes-de-dolares-em-fabrica-de-bolachas","status":"publish","type":"post","link":"https:\/\/rna.ao\/rna.ao\/2021\/04\/26\/argentina-investe-45-milhoes-de-dolares-em-fabrica-de-bolachas\/","title":{"rendered":"Argentina investe 45 milh\u00f5es de d\u00f3lares em f\u00e1brica de bolachas."},"content":{"rendered":"<p><img loading=\"lazy\" class=\"wp-image-22333 alignleft\" src=\"https:\/\/rna.ao\/rna.ao\/wp-content\/uploads\/2021\/04\/148688541_3466771523450414_695862359183845465_n.jpg\" alt=\"\" width=\"221\" height=\"295\" \/>O embaixador da Argentina em Angola, Alejandro Guillemo Verdier, avan\u00e7ou nesta quinta-feira 23 num encontro que manteve com o presidente do conselho de administra\u00e7\u00e3o da AIPEX Ag\u00eancia de Investimento Privada e Promo\u00e7\u00e3o das Exporta\u00e7\u00f5es, Ant\u00f3nio Henriques da Silva, a inten\u00e7\u00e3o do seu pa\u00eds montar em Angola uma f\u00e1brica de bolachas, a primeira fora da Am\u00e9rica Latina.<\/p>\n<p>&nbsp;<\/p>\n<p>&nbsp;<\/p>\n<p>&nbsp;<\/p>\n\t<div class=\"qtmplayer-playlist-large\">\n\t\t<ul class=\"qtmplayer-playlist\">\n\t\t\t\n\t\t\t\t\t<li class=\"qtmplayer-trackitem\">\n\t\t<img src=\"https:\/\/rna.ao\/rna.ao\/wp-content\/uploads\/2020\/11\/Antonio-Henriques-da-Silva-Silva-100x100.jpg\" alt=\"cover\">\t\t<span \t\t\tdata-qtmplayer-cover=\"https:\/\/rna.ao\/rna.ao\/wp-content\/uploads\/2020\/11\/Antonio-Henriques-da-Silva-Silva.jpg\"\n\t\t\t\t\t\tdata-qtmplayer-file=\"https:\/\/rna.ao\/rna.ao\/wp-content\/uploads\/2021\/04\/PECA-ISAAC-RESENDE-FABRICA-DE-BOLACHAS-26.04-2021-VALIDO.mp3\"\n\t\t\t\t\t\tdata-qtmplayer-title=\"Argentina investe 45 milh\u00f5es de d\u00f3lares em f\u00e1brica de bolachas.\"\n\t\t\t\t\t\tdata-qtmplayer-artist=\"RNA\"\n\t\t\t\t\t\tdata-qtmplayer-link=\"https:\/\/rna.ao\/rna.ao\/2021\/04\/26\/argentina-investe-45-milhoes-de-dolares-em-fabrica-de-bolachas\/\"\n\t\t\t\t\t\tdata-qtmplayer-icon=\"file_download\"\n\t\t\t\t\t\tdata-qtmplayer-type=\"track\"\n\t\t\t class=\"qtmplayer-play qtmplayer-link-sec qtmplayer-play-btn\"><i class='material-icons'>play_arrow<\/i><\/span>\n\t\t<p>\n\t\t\t<span class=\"qtmplayer-tit\">Argentina investe 45 milh\u00f5es de d\u00f3lares em f\u00e1brica de bolachas.<\/span>\n\t\t\t<span class=\"qtmplayer-art\">RNA<\/span>\n\t\t<\/p>\n\t<\/li>\n\t\t<\/ul>\n\t<\/div>\t\t\t\n\t\n","protected":false},"excerpt":{"rendered":"<p>O embaixador da Argentina em Angola, Alejandro Guillemo Verdier, avan\u00e7ou nesta quinta-feira 23 num encontro que manteve com o presidente do conselho de administra\u00e7\u00e3o da AIPEX Ag\u00eancia de Investimento Privada e Promo\u00e7\u00e3o das Exporta\u00e7\u00f5es, Ant\u00f3nio Henriques da Silva, a inten\u00e7\u00e3o do seu pa\u00eds montar em Angola uma f\u00e1brica de bolachas, ...<\/p>\n","protected":false},"author":8,"featured_media":10722,"comment_status":"closed","ping_status":"closed","sticky":false,"template":"","format":"standard","meta":[],"categories":[143,137],"tags":[],"_links":{"self":[{"href":"https:\/\/rna.ao\/rna.ao\/wp-json\/wp\/v2\/posts\/22332"}],"collection":[{"href":"https:\/\/rna.ao\/rna.ao\/wp-json\/wp\/v2\/posts"}],"about":[{"href":"https:\/\/rna.ao\/rna.ao\/wp-json\/wp\/v2\/types\/post"}],"author":[{"embeddable":true,"href":"https:\/\/rna.ao\/rna.ao\/wp-json\/wp\/v2\/users\/8"}],"replies":[{"embeddable":true,"href":"https:\/\/rna.ao\/rna.ao\/wp-json\/wp\/v2\/comments?post=22332"}],"version-history":[{"count":3,"href":"https:\/\/rna.ao\/rna.ao\/wp-json\/wp\/v2\/posts\/22332\/revisions"}],"predecessor-version":[{"id":22339,"href":"https:\/\/rna.ao\/rna.ao\/wp-json\/wp\/v2\/posts\/22332\/revisions\/22339"}],"wp:featuredmedia":[{"embeddable":true,"href":"https:\/\/rna.ao\/rna.ao\/wp-json\/wp\/v2\/media\/10722"}],"wp:attachment":[{"href":"https:\/\/rna.ao\/rna.ao\/wp-json\/wp\/v2\/media?parent=22332"}],"wp:term":[{"taxonomy":"category","embeddable":true,"href":"https:\/\/rna.ao\/rna.ao\/wp-json\/wp\/v2\/categories?post=22332"},{"taxonomy":"post_tag","embeddable":true,"href":"https:\/\/rna.ao\/rna.ao\/wp-json\/wp\/v2\/tags?post=22332"}],"curies":[{"name":"wp","href":"https:\/\/api.w.org\/{rel}","templated":true}]}}