{"id":22149,"date":"2021-04-23T08:48:52","date_gmt":"2021-04-23T07:48:52","guid":{"rendered":"https:\/\/rna.ao\/rna.ao\/?p=22149"},"modified":"2021-04-25T07:26:43","modified_gmt":"2021-04-25T06:26:43","slug":"sic-deteve-cinco-cidadaos-supostamente-envolvidos-no-assassinato-de-coronel-da-forca-aerea-em-viana-dois-dos-detidos-sao-militares","status":"publish","type":"post","link":"https:\/\/rna.ao\/rna.ao\/2021\/04\/23\/sic-deteve-cinco-cidadaos-supostamente-envolvidos-no-assassinato-de-coronel-da-forca-aerea-em-viana-dois-dos-detidos-sao-militares\/","title":{"rendered":"SIC DETEVE CINCO CIDAD\u00c3OS SUPOSTAMENTE ENVOLVIDOS NO ASSASSINATO DE CORONEL DA FOR\u00c7A A\u00c9REA EM VIANA. DOIS DOS DETIDOS S\u00c3O MILITARES"},"content":{"rendered":"<p><img loading=\"lazy\" class=\"size-full wp-image-22151 alignleft\" src=\"https:\/\/rna.ao\/rna.ao\/wp-content\/uploads\/2021\/04\/coronelmorto.jpg\" alt=\"\" width=\"370\" height=\"230\" \/>O Servi\u00e7o de Investiga\u00e7\u00e3o Criminal deteve cinco cidad\u00e3os nacionais supostamente envolvidos no assassinato de um coronel da For\u00e7a A\u00e9rea, de 56 anos, no Munic\u00edpio de Viana.<\/p>\n<p>O roubo da viatura da v\u00edtima, Toyota Hilux, teria sido o m\u00f3bil do hediondo crime, protagonizado no passado dia 1 de Abril, \u00e0s 19h30, no Bairro Vilar Flor, em Viana.<\/p>\n<p>O corpo do coronel, que em vida chamou-se Bernardo Muginga, teria sido encontrado no interior de uma quinta e descoberto por transeuntes.<\/p>\n<p>Naquele fat\u00eddico dia, o coronel estaria na hora errada e no local errado, pois acabaria por cair no roteiro de uma quadrilha que tem no roubo e desmanche de viaturas o seu principal ganha p\u00e3o.<\/p>\n<p>Segundo apurou a R\u00e1dio, de fontes familiarizadas com o caso, entre os envolvidos est\u00e3o dois efectivos das for\u00e7as armadas.<\/p>\n<p>A viatura roubada no crime foi desmanchada e as pe\u00e7as vendidas. O SIC recuperou algumas destas pe\u00e7as retiradas da Toyota Hilux e que j\u00e1 tinham sido comercializadas. Foram apreendidas igualmente duas pistolas utilizadas no crime. Clique no \u00e1udio, abaixo, e ou\u00e7a toda hist\u00f3ria como jornalista Gabriel Veloso:<\/p>\n\t<div class=\"qtmplayer-playlist-large\">\n\t\t<ul class=\"qtmplayer-playlist\">\n\t\t\t\n\t\t\t\t\t<li class=\"qtmplayer-trackitem\">\n\t\t<img src=\"https:\/\/rna.ao\/rna.ao\/wp-content\/uploads\/2021\/04\/coronelmorto-100x100.jpg\" alt=\"cover\">\t\t<span \t\t\tdata-qtmplayer-cover=\"https:\/\/rna.ao\/rna.ao\/wp-content\/uploads\/2021\/04\/coronelmorto.jpg\"\n\t\t\t\t\t\tdata-qtmplayer-file=\"https:\/\/rna.ao\/rna.ao\/wp-content\/uploads\/2021\/04\/VELOSO-CORONELMORTO.mp3\"\n\t\t\t\t\t\tdata-qtmplayer-title=\"SIC DETEVE CINCO CIDAD\u00c3OS SUPOSTAMENTE ENVOLVIDOS NO ASSASSINATO DE CORONEL DA FOR\u00c7A A\u00c9REA EM VIANA. DOIS DOS DETIDOS S\u00c3O MILITARES\"\n\t\t\t\t\t\tdata-qtmplayer-artist=\"RNA\"\n\t\t\t\t\t\tdata-qtmplayer-link=\"https:\/\/rna.ao\/rna.ao\/2021\/04\/23\/sic-deteve-cinco-cidadaos-supostamente-envolvidos-no-assassinato-de-coronel-da-forca-aerea-em-viana-dois-dos-detidos-sao-militares\/\"\n\t\t\t\t\t\tdata-qtmplayer-icon=\"file_download\"\n\t\t\t\t\t\tdata-qtmplayer-type=\"track\"\n\t\t\t class=\"qtmplayer-play qtmplayer-link-sec qtmplayer-play-btn\"><i class='material-icons'>play_arrow<\/i><\/span>\n\t\t<p>\n\t\t\t<span class=\"qtmplayer-tit\">SIC DETEVE CINCO CIDAD\u00c3OS SUPOSTAMENTE ENVOLVIDOS NO ASSASSINATO DE CORONEL DA FOR\u00c7A A\u00c9REA EM VIANA. DOIS DOS DETIDOS S\u00c3O MILITARES<\/span>\n\t\t\t<span class=\"qtmplayer-art\">RNA<\/span>\n\t\t<\/p>\n\t<\/li>\n\t\t<\/ul>\n\t<\/div>\t\t\t\n\t\n<p>Fonte: RNA<\/p>\n","protected":false},"excerpt":{"rendered":"<p>O Servi\u00e7o de Investiga\u00e7\u00e3o Criminal deteve cinco cidad\u00e3os nacionais supostamente envolvidos no assassinato de um coronel da For\u00e7a A\u00e9rea, de 56 anos, no Munic\u00edpio de Viana. O roubo da viatura da v\u00edtima, Toyota Hilux, teria sido o m\u00f3bil do hediondo crime, protagonizado no passado dia 1 de Abril, \u00e0s 19h30, ...<\/p>\n","protected":false},"author":8,"featured_media":22151,"comment_status":"closed","ping_status":"closed","sticky":false,"template":"","format":"standard","meta":[],"categories":[141,133,164,163],"tags":[],"_links":{"self":[{"href":"https:\/\/rna.ao\/rna.ao\/wp-json\/wp\/v2\/posts\/22149"}],"collection":[{"href":"https:\/\/rna.ao\/rna.ao\/wp-json\/wp\/v2\/posts"}],"about":[{"href":"https:\/\/rna.ao\/rna.ao\/wp-json\/wp\/v2\/types\/post"}],"author":[{"embeddable":true,"href":"https:\/\/rna.ao\/rna.ao\/wp-json\/wp\/v2\/users\/8"}],"replies":[{"embeddable":true,"href":"https:\/\/rna.ao\/rna.ao\/wp-json\/wp\/v2\/comments?post=22149"}],"version-history":[{"count":1,"href":"https:\/\/rna.ao\/rna.ao\/wp-json\/wp\/v2\/posts\/22149\/revisions"}],"predecessor-version":[{"id":22152,"href":"https:\/\/rna.ao\/rna.ao\/wp-json\/wp\/v2\/posts\/22149\/revisions\/22152"}],"wp:featuredmedia":[{"embeddable":true,"href":"https:\/\/rna.ao\/rna.ao\/wp-json\/wp\/v2\/media\/22151"}],"wp:attachment":[{"href":"https:\/\/rna.ao\/rna.ao\/wp-json\/wp\/v2\/media?parent=22149"}],"wp:term":[{"taxonomy":"category","embeddable":true,"href":"https:\/\/rna.ao\/rna.ao\/wp-json\/wp\/v2\/categories?post=22149"},{"taxonomy":"post_tag","embeddable":true,"href":"https:\/\/rna.ao\/rna.ao\/wp-json\/wp\/v2\/tags?post=22149"}],"curies":[{"name":"wp","href":"https:\/\/api.w.org\/{rel}","templated":true}]}}