{"id":22133,"date":"2021-04-23T08:03:55","date_gmt":"2021-04-23T07:03:55","guid":{"rendered":"https:\/\/rna.ao\/rna.ao\/?p=22133"},"modified":"2021-04-23T08:03:55","modified_gmt":"2021-04-23T07:03:55","slug":"circulacao-da-nova-estirpe-da-covid-19-condiciona-abertura-de-fronteiras-terrestres-entre-angola-e-namibia","status":"publish","type":"post","link":"https:\/\/rna.ao\/rna.ao\/2021\/04\/23\/circulacao-da-nova-estirpe-da-covid-19-condiciona-abertura-de-fronteiras-terrestres-entre-angola-e-namibia\/","title":{"rendered":"Circula\u00e7\u00e3o da nova estirpe da Covid-19 condiciona abertura de fronteiras terrestres entre Angola e Nam\u00edbia"},"content":{"rendered":"<p><img loading=\"lazy\" class=\"size-full wp-image-22135 alignleft\" src=\"https:\/\/rna.ao\/rna.ao\/wp-content\/uploads\/2021\/04\/Reuniao-Angola-Namibia.jpg\" alt=\"\" width=\"640\" height=\"360\" \/><\/p>\n<p>O Ministro do Interior, Eug\u00e9nio Laborinho, diz que a abertura das fronteiras terrestres, com a Rep\u00fablica da Nam\u00edbia, \u00e9 uma situa\u00e7\u00e3o que deve ser ponderada, face ao surgimento das novas estirpes do v\u00edrus SARS-COV-2.<\/p>\n<p>Eug\u00e9nio Laborinho respondia, assim, \u00e0s declara\u00e7\u00f5es do Embaixador da Nam\u00edbia em Angola, que garantiu que o seu pa\u00eds tem as condi\u00e7\u00f5es criadas, para abertura das fronteiras terrestres com Angola.<\/p>\n<p>O Ministro Eug\u00e9nio Laborinho, que est\u00e1 no Lubango, onde participa na reuni\u00e3o bilateral entre os Minist\u00e9rios do Interior dos dois pa\u00edses, revelou que o assunto deve ser analisado \u00e0 n\u00edvel da Comiss\u00e3o Multissectorial de Combate \u00e0Covid-19. Clique no \u00e1udio, abaixo, e ou\u00e7a:<\/p>\n\t<div class=\"qtmplayer-playlist-large\">\n\t\t<ul class=\"qtmplayer-playlist\">\n\t\t\t\n\t\t\t\t\t<li class=\"qtmplayer-trackitem\">\n\t\t<img src=\"https:\/\/rna.ao\/rna.ao\/wp-content\/uploads\/2021\/02\/Eugenio-Cesar-Laborinho-100x100.jpg\" alt=\"cover\">\t\t<span \t\t\tdata-qtmplayer-cover=\"https:\/\/rna.ao\/rna.ao\/wp-content\/uploads\/2021\/02\/Eugenio-Cesar-Laborinho.jpg\"\n\t\t\t\t\t\tdata-qtmplayer-file=\"https:\/\/rna.ao\/rna.ao\/wp-content\/uploads\/2021\/04\/EUGENIO-LABORINHO-23-04.mp3\"\n\t\t\t\t\t\tdata-qtmplayer-title=\"Circula\u00e7\u00e3o da nova estirpe da Covid-19 condiciona abertura de fronteiras terrestres entre Angola e Nam\u00edbia\"\n\t\t\t\t\t\tdata-qtmplayer-artist=\"RNA\"\n\t\t\t\t\t\tdata-qtmplayer-link=\"https:\/\/rna.ao\/rna.ao\/2021\/04\/23\/circulacao-da-nova-estirpe-da-covid-19-condiciona-abertura-de-fronteiras-terrestres-entre-angola-e-namibia\/\"\n\t\t\t\t\t\tdata-qtmplayer-icon=\"file_download\"\n\t\t\t\t\t\tdata-qtmplayer-type=\"track\"\n\t\t\t class=\"qtmplayer-play qtmplayer-link-sec qtmplayer-play-btn\"><i class='material-icons'>play_arrow<\/i><\/span>\n\t\t<p>\n\t\t\t<span class=\"qtmplayer-tit\">Circula\u00e7\u00e3o da nova estirpe da Covid-19 condiciona abertura de fronteiras terrestres entre Angola e Nam\u00edbia<\/span>\n\t\t\t<span class=\"qtmplayer-art\">RNA<\/span>\n\t\t<\/p>\n\t<\/li>\n\t\t<\/ul>\n\t<\/div>\t\t\t\n\t\n<p>Fonte: RNA<\/p>\n","protected":false},"excerpt":{"rendered":"<p>O Ministro do Interior, Eug\u00e9nio Laborinho, diz que a abertura das fronteiras terrestres, com a Rep\u00fablica da Nam\u00edbia, \u00e9 uma situa\u00e7\u00e3o que deve ser ponderada, face ao surgimento das novas estirpes do v\u00edrus SARS-COV-2. Eug\u00e9nio Laborinho respondia, assim, \u00e0s declara\u00e7\u00f5es do Embaixador da Nam\u00edbia em Angola, que garantiu que o ...<\/p>\n","protected":false},"author":8,"featured_media":16504,"comment_status":"closed","ping_status":"closed","sticky":false,"template":"","format":"standard","meta":[],"categories":[142,121,163],"tags":[],"_links":{"self":[{"href":"https:\/\/rna.ao\/rna.ao\/wp-json\/wp\/v2\/posts\/22133"}],"collection":[{"href":"https:\/\/rna.ao\/rna.ao\/wp-json\/wp\/v2\/posts"}],"about":[{"href":"https:\/\/rna.ao\/rna.ao\/wp-json\/wp\/v2\/types\/post"}],"author":[{"embeddable":true,"href":"https:\/\/rna.ao\/rna.ao\/wp-json\/wp\/v2\/users\/8"}],"replies":[{"embeddable":true,"href":"https:\/\/rna.ao\/rna.ao\/wp-json\/wp\/v2\/comments?post=22133"}],"version-history":[{"count":1,"href":"https:\/\/rna.ao\/rna.ao\/wp-json\/wp\/v2\/posts\/22133\/revisions"}],"predecessor-version":[{"id":22137,"href":"https:\/\/rna.ao\/rna.ao\/wp-json\/wp\/v2\/posts\/22133\/revisions\/22137"}],"wp:featuredmedia":[{"embeddable":true,"href":"https:\/\/rna.ao\/rna.ao\/wp-json\/wp\/v2\/media\/16504"}],"wp:attachment":[{"href":"https:\/\/rna.ao\/rna.ao\/wp-json\/wp\/v2\/media?parent=22133"}],"wp:term":[{"taxonomy":"category","embeddable":true,"href":"https:\/\/rna.ao\/rna.ao\/wp-json\/wp\/v2\/categories?post=22133"},{"taxonomy":"post_tag","embeddable":true,"href":"https:\/\/rna.ao\/rna.ao\/wp-json\/wp\/v2\/tags?post=22133"}],"curies":[{"name":"wp","href":"https:\/\/api.w.org\/{rel}","templated":true}]}}