{"id":22129,"date":"2021-04-23T08:07:30","date_gmt":"2021-04-23T07:07:30","guid":{"rendered":"https:\/\/rna.ao\/rna.ao\/?p=22129"},"modified":"2021-04-23T08:07:30","modified_gmt":"2021-04-23T07:07:30","slug":"producao-nacional-ja-esta-a-satisfazer-as-necessidades-do-pais-manuel-nunes-junior","status":"publish","type":"post","link":"https:\/\/rna.ao\/rna.ao\/2021\/04\/23\/producao-nacional-ja-esta-a-satisfazer-as-necessidades-do-pais-manuel-nunes-junior\/","title":{"rendered":"Produ\u00e7\u00e3o nacional j\u00e1 est\u00e1 a satisfazer as necessidades do pa\u00eds \u2013 Manuel Nunes J\u00fanior"},"content":{"rendered":"<p><img loading=\"lazy\" class=\"size-full wp-image-22140 alignleft\" src=\"https:\/\/rna.ao\/rna.ao\/wp-content\/uploads\/2021\/04\/Manuel-Nunes-Junior.jpg\" alt=\"\" width=\"316\" height=\"211\" \/>O Ministro de Estado e da Coordena\u00e7\u00e3o Econ\u00f3mica, Manuel Nunes J\u00fanior, afirmou que a produ\u00e7\u00e3o nacional j\u00e1 est\u00e1 a dar, gradualmente, resposta \u00e0s necessidades do pa\u00eds.<\/p>\n<p>Manuel Nunes J\u00fanior, que falava no acto da tomada de posse da nova direc\u00e7\u00e3o da C\u00e2mara de Com\u00e9rcio Angola-China, revelou que as importa\u00e7\u00f5es, no pa\u00eds, reduziram mais de trinta por cento em 2020. Saiba mais detalhes, no \u00e1udio abaixo, com a jornalista Teresa bai\u00e3o:<\/p>\n\t<div class=\"qtmplayer-playlist-large\">\n\t\t<ul class=\"qtmplayer-playlist\">\n\t\t\t\n\t\t\t\t\t<li class=\"qtmplayer-trackitem\">\n\t\t<img src=\"https:\/\/rna.ao\/rna.ao\/wp-content\/uploads\/2021\/04\/Manuel-Nunes-Junior-100x100.jpg\" alt=\"cover\">\t\t<span \t\t\tdata-qtmplayer-cover=\"https:\/\/rna.ao\/rna.ao\/wp-content\/uploads\/2021\/04\/Manuel-Nunes-Junior.jpg\"\n\t\t\t\t\t\tdata-qtmplayer-file=\"https:\/\/rna.ao\/rna.ao\/wp-content\/uploads\/2021\/04\/TERESA-BAIAO-23-04.mp3\"\n\t\t\t\t\t\tdata-qtmplayer-title=\"Produ\u00e7\u00e3o nacional j\u00e1 est\u00e1 a satisfazer as necessidades do pa\u00eds \u2013 Manuel Nunes J\u00fanior\"\n\t\t\t\t\t\tdata-qtmplayer-artist=\"RNA\"\n\t\t\t\t\t\tdata-qtmplayer-link=\"https:\/\/rna.ao\/rna.ao\/2021\/04\/23\/producao-nacional-ja-esta-a-satisfazer-as-necessidades-do-pais-manuel-nunes-junior\/\"\n\t\t\t\t\t\tdata-qtmplayer-icon=\"file_download\"\n\t\t\t\t\t\tdata-qtmplayer-type=\"track\"\n\t\t\t class=\"qtmplayer-play qtmplayer-link-sec qtmplayer-play-btn\"><i class='material-icons'>play_arrow<\/i><\/span>\n\t\t<p>\n\t\t\t<span class=\"qtmplayer-tit\">Produ\u00e7\u00e3o nacional j\u00e1 est\u00e1 a satisfazer as necessidades do pa\u00eds \u2013 Manuel Nunes J\u00fanior<\/span>\n\t\t\t<span class=\"qtmplayer-art\">RNA<\/span>\n\t\t<\/p>\n\t<\/li>\n\t\t<\/ul>\n\t<\/div>\t\t\t\n\t\n<p>Fonte: RNA<\/p>\n","protected":false},"excerpt":{"rendered":"<p>O Ministro de Estado e da Coordena\u00e7\u00e3o Econ\u00f3mica, Manuel Nunes J\u00fanior, afirmou que a produ\u00e7\u00e3o nacional j\u00e1 est\u00e1 a dar, gradualmente, resposta \u00e0s necessidades do pa\u00eds. Manuel Nunes J\u00fanior, que falava no acto da tomada de posse da nova direc\u00e7\u00e3o da C\u00e2mara de Com\u00e9rcio Angola-China, revelou que as importa\u00e7\u00f5es, no ...<\/p>\n","protected":false},"author":8,"featured_media":22140,"comment_status":"closed","ping_status":"closed","sticky":false,"template":"","format":"standard","meta":[],"categories":[142,121,163],"tags":[],"_links":{"self":[{"href":"https:\/\/rna.ao\/rna.ao\/wp-json\/wp\/v2\/posts\/22129"}],"collection":[{"href":"https:\/\/rna.ao\/rna.ao\/wp-json\/wp\/v2\/posts"}],"about":[{"href":"https:\/\/rna.ao\/rna.ao\/wp-json\/wp\/v2\/types\/post"}],"author":[{"embeddable":true,"href":"https:\/\/rna.ao\/rna.ao\/wp-json\/wp\/v2\/users\/8"}],"replies":[{"embeddable":true,"href":"https:\/\/rna.ao\/rna.ao\/wp-json\/wp\/v2\/comments?post=22129"}],"version-history":[{"count":1,"href":"https:\/\/rna.ao\/rna.ao\/wp-json\/wp\/v2\/posts\/22129\/revisions"}],"predecessor-version":[{"id":22141,"href":"https:\/\/rna.ao\/rna.ao\/wp-json\/wp\/v2\/posts\/22129\/revisions\/22141"}],"wp:featuredmedia":[{"embeddable":true,"href":"https:\/\/rna.ao\/rna.ao\/wp-json\/wp\/v2\/media\/22140"}],"wp:attachment":[{"href":"https:\/\/rna.ao\/rna.ao\/wp-json\/wp\/v2\/media?parent=22129"}],"wp:term":[{"taxonomy":"category","embeddable":true,"href":"https:\/\/rna.ao\/rna.ao\/wp-json\/wp\/v2\/categories?post=22129"},{"taxonomy":"post_tag","embeddable":true,"href":"https:\/\/rna.ao\/rna.ao\/wp-json\/wp\/v2\/tags?post=22129"}],"curies":[{"name":"wp","href":"https:\/\/api.w.org\/{rel}","templated":true}]}}