{"id":22124,"date":"2021-04-23T05:59:47","date_gmt":"2021-04-23T04:59:47","guid":{"rendered":"https:\/\/rna.ao\/rna.ao\/?p=22124"},"modified":"2021-04-24T10:57:43","modified_gmt":"2021-04-24T09:57:43","slug":"ministro-tete-antonio-entrega-mensagem-de-joao-lourenco-a-emmanuel-macron","status":"publish","type":"post","link":"https:\/\/rna.ao\/rna.ao\/2021\/04\/23\/ministro-tete-antonio-entrega-mensagem-de-joao-lourenco-a-emmanuel-macron\/","title":{"rendered":"Ministro Tete Ant\u00f3nio entrega mensagem de Jo\u00e3o Louren\u00e7o \u00e0 Emmanuel Macron"},"content":{"rendered":"<p><img loading=\"lazy\" class=\" wp-image-9503 alignleft\" src=\"https:\/\/rna.ao\/rna.ao\/wp-content\/uploads\/2020\/10\/Tete-Antonio.jpg\" alt=\"\" width=\"326\" height=\"231\" \/>O Ministro angolano das Rela\u00e7\u00f5es Exteriores, Tete Ant\u00f3nio, foi esta quinta-feira, 22 de Abril, recebido, em audi\u00eancia, pelo Presidente franc\u00eas Emmanuel Macron, aqu\u00e9m fez a entrega de uma mensagem do Presidente Jo\u00e3o Louren\u00e7o.<\/p>\n<p>Segundo uma nota de imprensa, da Embaixada de Angola em Fran\u00e7a, o Ministro Tete Ant\u00f3nio fez-se acompanhar do Embaixador angolano, em Paris, Jo\u00e3o Bernardo de Miranda.<\/p>\n<p>Fonte: RNA<\/p>\n","protected":false},"excerpt":{"rendered":"<p>O Ministro angolano das Rela\u00e7\u00f5es Exteriores, Tete Ant\u00f3nio, foi esta quinta-feira, 22 de Abril, recebido, em audi\u00eancia, pelo Presidente franc\u00eas Emmanuel Macron, aqu\u00e9m fez a entrega de uma mensagem do Presidente Jo\u00e3o Louren\u00e7o. Segundo uma nota de imprensa, da Embaixada de Angola em Fran\u00e7a, o Ministro Tete Ant\u00f3nio fez-se acompanhar ...<\/p>\n","protected":false},"author":8,"featured_media":9503,"comment_status":"closed","ping_status":"closed","sticky":false,"template":"","format":"standard","meta":[],"categories":[142,121],"tags":[],"_links":{"self":[{"href":"https:\/\/rna.ao\/rna.ao\/wp-json\/wp\/v2\/posts\/22124"}],"collection":[{"href":"https:\/\/rna.ao\/rna.ao\/wp-json\/wp\/v2\/posts"}],"about":[{"href":"https:\/\/rna.ao\/rna.ao\/wp-json\/wp\/v2\/types\/post"}],"author":[{"embeddable":true,"href":"https:\/\/rna.ao\/rna.ao\/wp-json\/wp\/v2\/users\/8"}],"replies":[{"embeddable":true,"href":"https:\/\/rna.ao\/rna.ao\/wp-json\/wp\/v2\/comments?post=22124"}],"version-history":[{"count":1,"href":"https:\/\/rna.ao\/rna.ao\/wp-json\/wp\/v2\/posts\/22124\/revisions"}],"predecessor-version":[{"id":22125,"href":"https:\/\/rna.ao\/rna.ao\/wp-json\/wp\/v2\/posts\/22124\/revisions\/22125"}],"wp:featuredmedia":[{"embeddable":true,"href":"https:\/\/rna.ao\/rna.ao\/wp-json\/wp\/v2\/media\/9503"}],"wp:attachment":[{"href":"https:\/\/rna.ao\/rna.ao\/wp-json\/wp\/v2\/media?parent=22124"}],"wp:term":[{"taxonomy":"category","embeddable":true,"href":"https:\/\/rna.ao\/rna.ao\/wp-json\/wp\/v2\/categories?post=22124"},{"taxonomy":"post_tag","embeddable":true,"href":"https:\/\/rna.ao\/rna.ao\/wp-json\/wp\/v2\/tags?post=22124"}],"curies":[{"name":"wp","href":"https:\/\/api.w.org\/{rel}","templated":true}]}}