{"id":22098,"date":"2021-04-22T21:18:53","date_gmt":"2021-04-22T20:18:53","guid":{"rendered":"https:\/\/rna.ao\/rna.ao\/?p=22098"},"modified":"2021-04-22T21:49:06","modified_gmt":"2021-04-22T20:49:06","slug":"pr-espera-das-federacoes-nacionais-levantamento-das-falhas-e-solucoes-para-melhoria-do-desporto-nacional","status":"publish","type":"post","link":"https:\/\/rna.ao\/rna.ao\/2021\/04\/22\/pr-espera-das-federacoes-nacionais-levantamento-das-falhas-e-solucoes-para-melhoria-do-desporto-nacional\/","title":{"rendered":"PR espera das Federa\u00e7\u00f5es nacionais levantamento das falhas e solu\u00e7\u00f5es para melhoria do desporto nacional"},"content":{"rendered":"<p><img loading=\"lazy\" class=\"size-full wp-image-22101 alignleft\" src=\"https:\/\/rna.ao\/rna.ao\/wp-content\/uploads\/2021\/04\/PR-Federacoes-1.jpg\" alt=\"\" width=\"480\" height=\"320\" \/><\/p>\n<p>O Presidente da Rep\u00fablica, Jo\u00e3o Louren\u00e7o, est\u00e1 preocupado com a situa\u00e7\u00e3o actual do desporto nacional. Jo\u00e3o Louren\u00e7o pediu, aos representantes das Federa\u00e7\u00f5es Nacionais, que fizessem o levantamento das falhas e apresentassem solu\u00e7\u00f5es, para a melhoria do desporto nacional.<\/p>\n<p>Para o Chefe de Estado angolano, que falava nesta quinta-feira, 22 de Abril, no encontro com representantes das Federa\u00e7\u00f5es nacionais, \u00e9 preciso que o desporto seja competitivo, mas, tamb\u00e9m, rent\u00e1vel. Clique no \u00e1udio e ou\u00e7a:<\/p>\n\t<div class=\"qtmplayer-playlist-large\">\n\t\t<ul class=\"qtmplayer-playlist\">\n\t\t\t\n\t\t\t\t\t<li class=\"qtmplayer-trackitem\">\n\t\t<img src=\"https:\/\/rna.ao\/rna.ao\/wp-content\/uploads\/2021\/04\/PR-palacio-100x100.jpg\" alt=\"cover\">\t\t<span \t\t\tdata-qtmplayer-cover=\"https:\/\/rna.ao\/rna.ao\/wp-content\/uploads\/2021\/04\/PR-palacio.jpg\"\n\t\t\t\t\t\tdata-qtmplayer-file=\"https:\/\/rna.ao\/rna.ao\/wp-content\/uploads\/2021\/04\/PR-22.mp3\"\n\t\t\t\t\t\tdata-qtmplayer-title=\"PR espera das Federa\u00e7\u00f5es nacionais levantamento das falhas e solu\u00e7\u00f5es para melhoria do desporto nacional\"\n\t\t\t\t\t\tdata-qtmplayer-artist=\"RNA\"\n\t\t\t\t\t\tdata-qtmplayer-link=\"https:\/\/rna.ao\/rna.ao\/2021\/04\/22\/pr-espera-das-federacoes-nacionais-levantamento-das-falhas-e-solucoes-para-melhoria-do-desporto-nacional\/\"\n\t\t\t\t\t\tdata-qtmplayer-icon=\"file_download\"\n\t\t\t\t\t\tdata-qtmplayer-type=\"track\"\n\t\t\t class=\"qtmplayer-play qtmplayer-link-sec qtmplayer-play-btn\"><i class='material-icons'>play_arrow<\/i><\/span>\n\t\t<p>\n\t\t\t<span class=\"qtmplayer-tit\">PR espera das Federa\u00e7\u00f5es nacionais levantamento das falhas e solu\u00e7\u00f5es para melhoria do desporto nacional<\/span>\n\t\t\t<span class=\"qtmplayer-art\">RNA<\/span>\n\t\t<\/p>\n\t<\/li>\n\t\t<\/ul>\n\t<\/div>\t\t\t\n\t\n<p>Fonte: RNA<\/p>\n<p><img loading=\"lazy\" class=\"size-medium wp-image-22102 aligncenter\" src=\"https:\/\/rna.ao\/rna.ao\/wp-content\/uploads\/2021\/04\/PR-federacoes-2-770x513.jpg\" alt=\"\" width=\"770\" height=\"513\" srcset=\"https:\/\/rna.ao\/rna.ao\/wp-content\/uploads\/2021\/04\/PR-federacoes-2-770x513.jpg 770w, https:\/\/rna.ao\/rna.ao\/wp-content\/uploads\/2021\/04\/PR-federacoes-2-768x512.jpg 768w, https:\/\/rna.ao\/rna.ao\/wp-content\/uploads\/2021\/04\/PR-federacoes-2.jpg 960w\" sizes=\"(max-width: 770px) 100vw, 770px\" \/><\/p>\n","protected":false},"excerpt":{"rendered":"<p>O Presidente da Rep\u00fablica, Jo\u00e3o Louren\u00e7o, est\u00e1 preocupado com a situa\u00e7\u00e3o actual do desporto nacional. Jo\u00e3o Louren\u00e7o pediu, aos representantes das Federa\u00e7\u00f5es Nacionais, que fizessem o levantamento das falhas e apresentassem solu\u00e7\u00f5es, para a melhoria do desporto nacional. Para o Chefe de Estado angolano, que falava nesta quinta-feira, 22 de ...<\/p>\n","protected":false},"author":8,"featured_media":22100,"comment_status":"closed","ping_status":"closed","sticky":false,"template":"","format":"standard","meta":[],"categories":[142,121,163],"tags":[],"_links":{"self":[{"href":"https:\/\/rna.ao\/rna.ao\/wp-json\/wp\/v2\/posts\/22098"}],"collection":[{"href":"https:\/\/rna.ao\/rna.ao\/wp-json\/wp\/v2\/posts"}],"about":[{"href":"https:\/\/rna.ao\/rna.ao\/wp-json\/wp\/v2\/types\/post"}],"author":[{"embeddable":true,"href":"https:\/\/rna.ao\/rna.ao\/wp-json\/wp\/v2\/users\/8"}],"replies":[{"embeddable":true,"href":"https:\/\/rna.ao\/rna.ao\/wp-json\/wp\/v2\/comments?post=22098"}],"version-history":[{"count":4,"href":"https:\/\/rna.ao\/rna.ao\/wp-json\/wp\/v2\/posts\/22098\/revisions"}],"predecessor-version":[{"id":22107,"href":"https:\/\/rna.ao\/rna.ao\/wp-json\/wp\/v2\/posts\/22098\/revisions\/22107"}],"wp:featuredmedia":[{"embeddable":true,"href":"https:\/\/rna.ao\/rna.ao\/wp-json\/wp\/v2\/media\/22100"}],"wp:attachment":[{"href":"https:\/\/rna.ao\/rna.ao\/wp-json\/wp\/v2\/media?parent=22098"}],"wp:term":[{"taxonomy":"category","embeddable":true,"href":"https:\/\/rna.ao\/rna.ao\/wp-json\/wp\/v2\/categories?post=22098"},{"taxonomy":"post_tag","embeddable":true,"href":"https:\/\/rna.ao\/rna.ao\/wp-json\/wp\/v2\/tags?post=22098"}],"curies":[{"name":"wp","href":"https:\/\/api.w.org\/{rel}","templated":true}]}}