{"id":22081,"date":"2021-04-22T13:38:20","date_gmt":"2021-04-22T12:38:20","guid":{"rendered":"https:\/\/rna.ao\/rna.ao\/?p=22081"},"modified":"2021-04-22T13:53:46","modified_gmt":"2021-04-22T12:53:46","slug":"mau-estado-das-vias-de-acesso-as-zonas-de-exploracao-diamantifera-em-malanje-esta-a-condicionar-a-actividades-mineiras","status":"publish","type":"post","link":"https:\/\/rna.ao\/rna.ao\/2021\/04\/22\/mau-estado-das-vias-de-acesso-as-zonas-de-exploracao-diamantifera-em-malanje-esta-a-condicionar-a-actividades-mineiras\/","title":{"rendered":"Mau estado das vias de acesso \u00e0s zonas de explora\u00e7\u00e3o diamant\u00edfera em Malanje  est\u00e1 a condicionar a actividades mineiras"},"content":{"rendered":"<p><img loading=\"lazy\" class=\"wp-image-22082 alignleft\" src=\"https:\/\/rna.ao\/rna.ao\/wp-content\/uploads\/2021\/04\/estrada.jpg\" alt=\"\" width=\"269\" height=\"179\" \/>Os operadores mineiros na Prov\u00edncia de Malanje reclamam do estado das vias de acesso \u00e0s \u00e1reas de explora\u00e7\u00e3o diamant\u00edfera. o assunto foi levantado durante um encontro, com o Ministro de dos Recurso Minerais, Petr\u00f3leo e G\u00e1s, Diamantino de Azevedo. Clique no \u00e1udio, abaixo, e ou\u00e7a com mais desenvolvimento na reportagem de Carlos Jorge:<\/p>\n\t<div class=\"qtmplayer-playlist-large\">\n\t\t<ul class=\"qtmplayer-playlist\">\n\t\t\t\n\t\t\t\t\t<li class=\"qtmplayer-trackitem\">\n\t\t<img src=\"https:\/\/rna.ao\/rna.ao\/wp-content\/uploads\/2021\/04\/Diamantino-de-Azevedo-boa-100x100.jpg\" alt=\"cover\">\t\t<span \t\t\tdata-qtmplayer-cover=\"https:\/\/rna.ao\/rna.ao\/wp-content\/uploads\/2021\/04\/Diamantino-de-Azevedo-boa.jpg\"\n\t\t\t\t\t\tdata-qtmplayer-file=\"https:\/\/rna.ao\/rna.ao\/wp-content\/uploads\/2021\/04\/CARLOS-PEDRO-13HRS.mp3\"\n\t\t\t\t\t\tdata-qtmplayer-title=\"Mau estado das vias de acesso \u00e0s zonas de explora\u00e7\u00e3o diamant\u00edfera em Malanje  est\u00e1 a condicionar a actividades mineiras\"\n\t\t\t\t\t\tdata-qtmplayer-artist=\"RNA\"\n\t\t\t\t\t\tdata-qtmplayer-link=\"https:\/\/rna.ao\/rna.ao\/2021\/04\/22\/mau-estado-das-vias-de-acesso-as-zonas-de-exploracao-diamantifera-em-malanje-esta-a-condicionar-a-actividades-mineiras\/\"\n\t\t\t\t\t\tdata-qtmplayer-icon=\"file_download\"\n\t\t\t\t\t\tdata-qtmplayer-type=\"track\"\n\t\t\t class=\"qtmplayer-play qtmplayer-link-sec qtmplayer-play-btn\"><i class='material-icons'>play_arrow<\/i><\/span>\n\t\t<p>\n\t\t\t<span class=\"qtmplayer-tit\">Mau estado das vias de acesso \u00e0s zonas de explora\u00e7\u00e3o diamant\u00edfera em Malanje  est\u00e1 a condicionar a actividades mineiras<\/span>\n\t\t\t<span class=\"qtmplayer-art\">RNA<\/span>\n\t\t<\/p>\n\t<\/li>\n\t\t<\/ul>\n\t<\/div>\t\t\t\n\t\n","protected":false},"excerpt":{"rendered":"<p>Os operadores mineiros na Prov\u00edncia de Malanje reclamam do estado das vias de acesso \u00e0s \u00e1reas de explora\u00e7\u00e3o diamant\u00edfera. o assunto foi levantado durante um encontro, com o Ministro de dos Recurso Minerais, Petr\u00f3leo e G\u00e1s, Diamantino de Azevedo. Clique no \u00e1udio, abaixo, e ou\u00e7a com mais desenvolvimento na reportagem ...<\/p>\n","protected":false},"author":8,"featured_media":22088,"comment_status":"closed","ping_status":"closed","sticky":false,"template":"","format":"standard","meta":[],"categories":[1],"tags":[],"_links":{"self":[{"href":"https:\/\/rna.ao\/rna.ao\/wp-json\/wp\/v2\/posts\/22081"}],"collection":[{"href":"https:\/\/rna.ao\/rna.ao\/wp-json\/wp\/v2\/posts"}],"about":[{"href":"https:\/\/rna.ao\/rna.ao\/wp-json\/wp\/v2\/types\/post"}],"author":[{"embeddable":true,"href":"https:\/\/rna.ao\/rna.ao\/wp-json\/wp\/v2\/users\/8"}],"replies":[{"embeddable":true,"href":"https:\/\/rna.ao\/rna.ao\/wp-json\/wp\/v2\/comments?post=22081"}],"version-history":[{"count":3,"href":"https:\/\/rna.ao\/rna.ao\/wp-json\/wp\/v2\/posts\/22081\/revisions"}],"predecessor-version":[{"id":22089,"href":"https:\/\/rna.ao\/rna.ao\/wp-json\/wp\/v2\/posts\/22081\/revisions\/22089"}],"wp:featuredmedia":[{"embeddable":true,"href":"https:\/\/rna.ao\/rna.ao\/wp-json\/wp\/v2\/media\/22088"}],"wp:attachment":[{"href":"https:\/\/rna.ao\/rna.ao\/wp-json\/wp\/v2\/media?parent=22081"}],"wp:term":[{"taxonomy":"category","embeddable":true,"href":"https:\/\/rna.ao\/rna.ao\/wp-json\/wp\/v2\/categories?post=22081"},{"taxonomy":"post_tag","embeddable":true,"href":"https:\/\/rna.ao\/rna.ao\/wp-json\/wp\/v2\/tags?post=22081"}],"curies":[{"name":"wp","href":"https:\/\/api.w.org\/{rel}","templated":true}]}}