{"id":22047,"date":"2021-04-22T10:41:29","date_gmt":"2021-04-22T09:41:29","guid":{"rendered":"https:\/\/rna.ao\/rna.ao\/?p=22047"},"modified":"2021-04-22T10:45:27","modified_gmt":"2021-04-22T09:45:27","slug":"girabola-jogadores-do-sporting-de-cabinda-em-greve","status":"publish","type":"post","link":"https:\/\/rna.ao\/rna.ao\/2021\/04\/22\/girabola-jogadores-do-sporting-de-cabinda-em-greve\/","title":{"rendered":"Girabola: Jogadores do Sporting de Cabinda em greve"},"content":{"rendered":"<p><img loading=\"lazy\" class=\"size-full wp-image-22049 alignleft\" src=\"https:\/\/rna.ao\/rna.ao\/wp-content\/uploads\/2021\/04\/Sporting-de-Cabinda.jpg\" alt=\"\" width=\"300\" height=\"169\" \/>Agudizam-se, cada dia mais, os problemas que est\u00e1 a viver o Sporting de Cabinda. Os distintos agentes desportivos, do ponto mais \u00e0 norte do pa\u00eds, continuam a fazer ouvir a sua voz, alertando para o facto de o clube fazer parte do importante mosaico evolutivo, da Prov\u00edncia. Saiba mais detalhes, no \u00e1udio abaixo, com o rep\u00f3rter Domingos Tiago:<\/p>\n\t<div class=\"qtmplayer-playlist-large\">\n\t\t<ul class=\"qtmplayer-playlist\">\n\t\t\t\n\t\t\t\t\t<li class=\"qtmplayer-trackitem\">\n\t\t<img src=\"https:\/\/rna.ao\/rna.ao\/wp-content\/uploads\/2021\/04\/Sporting-de-Cabinda-22-100x100.jpg\" alt=\"cover\">\t\t<span \t\t\tdata-qtmplayer-cover=\"https:\/\/rna.ao\/rna.ao\/wp-content\/uploads\/2021\/04\/Sporting-de-Cabinda-22.jpg\"\n\t\t\t\t\t\tdata-qtmplayer-file=\"https:\/\/rna.ao\/rna.ao\/wp-content\/uploads\/2021\/04\/DOMINGOS-TIAGO-22.mp3\"\n\t\t\t\t\t\tdata-qtmplayer-title=\"Girabola: Jogadores do Sporting de Cabinda em greve\"\n\t\t\t\t\t\tdata-qtmplayer-artist=\"RNA\"\n\t\t\t\t\t\tdata-qtmplayer-link=\"https:\/\/rna.ao\/rna.ao\/2021\/04\/22\/girabola-jogadores-do-sporting-de-cabinda-em-greve\/\"\n\t\t\t\t\t\tdata-qtmplayer-icon=\"file_download\"\n\t\t\t\t\t\tdata-qtmplayer-type=\"track\"\n\t\t\t class=\"qtmplayer-play qtmplayer-link-sec qtmplayer-play-btn\"><i class='material-icons'>play_arrow<\/i><\/span>\n\t\t<p>\n\t\t\t<span class=\"qtmplayer-tit\">Girabola: Jogadores do Sporting de Cabinda em greve<\/span>\n\t\t\t<span class=\"qtmplayer-art\">RNA<\/span>\n\t\t<\/p>\n\t<\/li>\n\t\t<\/ul>\n\t<\/div>\t\t\t\n\t\n<p>Fonte: R\u00e1dio 5\/RNA<\/p>\n","protected":false},"excerpt":{"rendered":"<p>Agudizam-se, cada dia mais, os problemas que est\u00e1 a viver o Sporting de Cabinda. Os distintos agentes desportivos, do ponto mais \u00e0 norte do pa\u00eds, continuam a fazer ouvir a sua voz, alertando para o facto de o clube fazer parte do importante mosaico evolutivo, da Prov\u00edncia. Saiba mais detalhes, ...<\/p>\n","protected":false},"author":8,"featured_media":22053,"comment_status":"closed","ping_status":"closed","sticky":false,"template":"","format":"standard","meta":[],"categories":[145,125,164],"tags":[],"_links":{"self":[{"href":"https:\/\/rna.ao\/rna.ao\/wp-json\/wp\/v2\/posts\/22047"}],"collection":[{"href":"https:\/\/rna.ao\/rna.ao\/wp-json\/wp\/v2\/posts"}],"about":[{"href":"https:\/\/rna.ao\/rna.ao\/wp-json\/wp\/v2\/types\/post"}],"author":[{"embeddable":true,"href":"https:\/\/rna.ao\/rna.ao\/wp-json\/wp\/v2\/users\/8"}],"replies":[{"embeddable":true,"href":"https:\/\/rna.ao\/rna.ao\/wp-json\/wp\/v2\/comments?post=22047"}],"version-history":[{"count":1,"href":"https:\/\/rna.ao\/rna.ao\/wp-json\/wp\/v2\/posts\/22047\/revisions"}],"predecessor-version":[{"id":22050,"href":"https:\/\/rna.ao\/rna.ao\/wp-json\/wp\/v2\/posts\/22047\/revisions\/22050"}],"wp:featuredmedia":[{"embeddable":true,"href":"https:\/\/rna.ao\/rna.ao\/wp-json\/wp\/v2\/media\/22053"}],"wp:attachment":[{"href":"https:\/\/rna.ao\/rna.ao\/wp-json\/wp\/v2\/media?parent=22047"}],"wp:term":[{"taxonomy":"category","embeddable":true,"href":"https:\/\/rna.ao\/rna.ao\/wp-json\/wp\/v2\/categories?post=22047"},{"taxonomy":"post_tag","embeddable":true,"href":"https:\/\/rna.ao\/rna.ao\/wp-json\/wp\/v2\/tags?post=22047"}],"curies":[{"name":"wp","href":"https:\/\/api.w.org\/{rel}","templated":true}]}}