{"id":22017,"date":"2021-04-22T08:24:08","date_gmt":"2021-04-22T07:24:08","guid":{"rendered":"https:\/\/rna.ao\/rna.ao\/?p=22017"},"modified":"2021-04-22T08:24:08","modified_gmt":"2021-04-22T07:24:08","slug":"parlamento-debate-papel-da-comunicacao-social-em-angola","status":"publish","type":"post","link":"https:\/\/rna.ao\/rna.ao\/2021\/04\/22\/parlamento-debate-papel-da-comunicacao-social-em-angola\/","title":{"rendered":"Parlamento debate papel da Comunica\u00e7\u00e3o Social em Angola"},"content":{"rendered":"<p><img loading=\"lazy\" class=\"size-full wp-image-21318 alignleft\" src=\"https:\/\/rna.ao\/rna.ao\/wp-content\/uploads\/2021\/04\/Assembleia-Nacional-2.jpg\" alt=\"\" width=\"300\" height=\"200\" \/>O Parlamento angolano discute e aprova, esta quinta-feira, 22 de Abril, um conjunto de diplomas, e uma avalia\u00e7\u00e3o sobre o desempenho da imprensa p\u00fablica. O MPLA e a oposi\u00e7\u00e3o esperam que o debate, sobre o papel da comunica\u00e7\u00e3o social, seja pedag\u00f3gico e contribua para a consolida\u00e7\u00e3o da democracia em Angola. Ou\u00e7a, abaixo, com mais desenvolvimento na reportagem de Ant\u00f3nio Chocolate:<\/p>\n\t<div class=\"qtmplayer-playlist-large\">\n\t\t<ul class=\"qtmplayer-playlist\">\n\t\t\t\n\t\t\t\t\t<li class=\"qtmplayer-trackitem\">\n\t\t<img src=\"https:\/\/rna.ao\/rna.ao\/wp-content\/uploads\/2021\/04\/Assembleia-Nacional-2-100x100.jpg\" alt=\"cover\">\t\t<span \t\t\tdata-qtmplayer-cover=\"https:\/\/rna.ao\/rna.ao\/wp-content\/uploads\/2021\/04\/Assembleia-Nacional-2.jpg\"\n\t\t\t\t\t\tdata-qtmplayer-file=\"https:\/\/rna.ao\/rna.ao\/wp-content\/uploads\/2021\/04\/ANTONIO-CHOCOLATE-22.mp3\"\n\t\t\t\t\t\tdata-qtmplayer-title=\"Parlamento debate papel da Comunica\u00e7\u00e3o Social em Angola\"\n\t\t\t\t\t\tdata-qtmplayer-artist=\"RNA\"\n\t\t\t\t\t\tdata-qtmplayer-link=\"https:\/\/rna.ao\/rna.ao\/2021\/04\/22\/parlamento-debate-papel-da-comunicacao-social-em-angola\/\"\n\t\t\t\t\t\tdata-qtmplayer-icon=\"file_download\"\n\t\t\t\t\t\tdata-qtmplayer-type=\"track\"\n\t\t\t class=\"qtmplayer-play qtmplayer-link-sec qtmplayer-play-btn\"><i class='material-icons'>play_arrow<\/i><\/span>\n\t\t<p>\n\t\t\t<span class=\"qtmplayer-tit\">Parlamento debate papel da Comunica\u00e7\u00e3o Social em Angola<\/span>\n\t\t\t<span class=\"qtmplayer-art\">RNA<\/span>\n\t\t<\/p>\n\t<\/li>\n\t\t<\/ul>\n\t<\/div>\t\t\t\n\t\n<p>Fonte: RNA<\/p>\n","protected":false},"excerpt":{"rendered":"<p>O Parlamento angolano discute e aprova, esta quinta-feira, 22 de Abril, um conjunto de diplomas, e uma avalia\u00e7\u00e3o sobre o desempenho da imprensa p\u00fablica. O MPLA e a oposi\u00e7\u00e3o esperam que o debate, sobre o papel da comunica\u00e7\u00e3o social, seja pedag\u00f3gico e contribua para a consolida\u00e7\u00e3o da democracia em Angola. ...<\/p>\n","protected":false},"author":8,"featured_media":21318,"comment_status":"closed","ping_status":"closed","sticky":false,"template":"","format":"standard","meta":[],"categories":[142,121,163],"tags":[],"_links":{"self":[{"href":"https:\/\/rna.ao\/rna.ao\/wp-json\/wp\/v2\/posts\/22017"}],"collection":[{"href":"https:\/\/rna.ao\/rna.ao\/wp-json\/wp\/v2\/posts"}],"about":[{"href":"https:\/\/rna.ao\/rna.ao\/wp-json\/wp\/v2\/types\/post"}],"author":[{"embeddable":true,"href":"https:\/\/rna.ao\/rna.ao\/wp-json\/wp\/v2\/users\/8"}],"replies":[{"embeddable":true,"href":"https:\/\/rna.ao\/rna.ao\/wp-json\/wp\/v2\/comments?post=22017"}],"version-history":[{"count":1,"href":"https:\/\/rna.ao\/rna.ao\/wp-json\/wp\/v2\/posts\/22017\/revisions"}],"predecessor-version":[{"id":22019,"href":"https:\/\/rna.ao\/rna.ao\/wp-json\/wp\/v2\/posts\/22017\/revisions\/22019"}],"wp:featuredmedia":[{"embeddable":true,"href":"https:\/\/rna.ao\/rna.ao\/wp-json\/wp\/v2\/media\/21318"}],"wp:attachment":[{"href":"https:\/\/rna.ao\/rna.ao\/wp-json\/wp\/v2\/media?parent=22017"}],"wp:term":[{"taxonomy":"category","embeddable":true,"href":"https:\/\/rna.ao\/rna.ao\/wp-json\/wp\/v2\/categories?post=22017"},{"taxonomy":"post_tag","embeddable":true,"href":"https:\/\/rna.ao\/rna.ao\/wp-json\/wp\/v2\/tags?post=22017"}],"curies":[{"name":"wp","href":"https:\/\/api.w.org\/{rel}","templated":true}]}}