{"id":22013,"date":"2021-04-22T08:22:39","date_gmt":"2021-04-22T07:22:39","guid":{"rendered":"https:\/\/rna.ao\/rna.ao\/?p=22013"},"modified":"2021-04-22T08:47:44","modified_gmt":"2021-04-22T07:47:44","slug":"governo-defende-mais-accoes-das-administracoes-municipais-para-acudir-familias-sinistradas-pela-chuva","status":"publish","type":"post","link":"https:\/\/rna.ao\/rna.ao\/2021\/04\/22\/governo-defende-mais-accoes-das-administracoes-municipais-para-acudir-familias-sinistradas-pela-chuva\/","title":{"rendered":"Governo defende mais ac\u00e7\u00f5es das Administra\u00e7\u00f5es Municipais para acudir fam\u00edlias sinistradas pela chuva"},"content":{"rendered":"<p><img loading=\"lazy\" class=\"size-full wp-image-22015 alignleft\" src=\"https:\/\/rna.ao\/rna.ao\/wp-content\/uploads\/2021\/04\/Faustina-Alves.jpg\" alt=\"\" width=\"295\" height=\"218\" \/>O Governo j\u00e1 come\u00e7ou a apoiar as fam\u00edlias sinistradas pela chuva, e defende mais ac\u00e7\u00f5es, das Administra\u00e7\u00f5es Municipais, no apoio aos sinistrados. A Ministra da Ac\u00e7\u00e3o Social, Fam\u00edlia e Promo\u00e7\u00e3o da Mulher, Faustina Alves, afirma que todas as fam\u00edlias afectadas v\u00e3o merecer aten\u00e7\u00e3o do Governo. Clique no \u00e1udio e ou\u00e7a:<\/p>\n\t<div class=\"qtmplayer-playlist-large\">\n\t\t<ul class=\"qtmplayer-playlist\">\n\t\t\t\n\t\t\t\t\t<li class=\"qtmplayer-trackitem\">\n\t\t<img src=\"https:\/\/rna.ao\/rna.ao\/wp-content\/uploads\/2021\/04\/Faustina-Alves-100x100.jpg\" alt=\"cover\">\t\t<span \t\t\tdata-qtmplayer-cover=\"https:\/\/rna.ao\/rna.ao\/wp-content\/uploads\/2021\/04\/Faustina-Alves.jpg\"\n\t\t\t\t\t\tdata-qtmplayer-file=\"https:\/\/rna.ao\/rna.ao\/wp-content\/uploads\/2021\/04\/FAUSTINA-ALVES-22.mp3\"\n\t\t\t\t\t\tdata-qtmplayer-title=\"Governo defende mais ac\u00e7\u00f5es das Administra\u00e7\u00f5es Municipais para acudir fam\u00edlias sinistradas pela chuva\"\n\t\t\t\t\t\tdata-qtmplayer-artist=\"RNA\"\n\t\t\t\t\t\tdata-qtmplayer-link=\"https:\/\/rna.ao\/rna.ao\/2021\/04\/22\/governo-defende-mais-accoes-das-administracoes-municipais-para-acudir-familias-sinistradas-pela-chuva\/\"\n\t\t\t\t\t\tdata-qtmplayer-icon=\"file_download\"\n\t\t\t\t\t\tdata-qtmplayer-type=\"track\"\n\t\t\t class=\"qtmplayer-play qtmplayer-link-sec qtmplayer-play-btn\"><i class='material-icons'>play_arrow<\/i><\/span>\n\t\t<p>\n\t\t\t<span class=\"qtmplayer-tit\">Governo defende mais ac\u00e7\u00f5es das Administra\u00e7\u00f5es Municipais para acudir fam\u00edlias sinistradas pela chuva<\/span>\n\t\t\t<span class=\"qtmplayer-art\">RNA<\/span>\n\t\t<\/p>\n\t<\/li>\n\t\t<\/ul>\n\t<\/div>\t\t\t\n\t\n<p>Fonte: RNA<\/p>\n","protected":false},"excerpt":{"rendered":"<p>O Governo j\u00e1 come\u00e7ou a apoiar as fam\u00edlias sinistradas pela chuva, e defende mais ac\u00e7\u00f5es, das Administra\u00e7\u00f5es Municipais, no apoio aos sinistrados. A Ministra da Ac\u00e7\u00e3o Social, Fam\u00edlia e Promo\u00e7\u00e3o da Mulher, Faustina Alves, afirma que todas as fam\u00edlias afectadas v\u00e3o merecer aten\u00e7\u00e3o do Governo. Clique no \u00e1udio e ou\u00e7a: ...<\/p>\n","protected":false},"author":8,"featured_media":22015,"comment_status":"closed","ping_status":"closed","sticky":false,"template":"","format":"standard","meta":[],"categories":[142,121,163],"tags":[],"_links":{"self":[{"href":"https:\/\/rna.ao\/rna.ao\/wp-json\/wp\/v2\/posts\/22013"}],"collection":[{"href":"https:\/\/rna.ao\/rna.ao\/wp-json\/wp\/v2\/posts"}],"about":[{"href":"https:\/\/rna.ao\/rna.ao\/wp-json\/wp\/v2\/types\/post"}],"author":[{"embeddable":true,"href":"https:\/\/rna.ao\/rna.ao\/wp-json\/wp\/v2\/users\/8"}],"replies":[{"embeddable":true,"href":"https:\/\/rna.ao\/rna.ao\/wp-json\/wp\/v2\/comments?post=22013"}],"version-history":[{"count":2,"href":"https:\/\/rna.ao\/rna.ao\/wp-json\/wp\/v2\/posts\/22013\/revisions"}],"predecessor-version":[{"id":22024,"href":"https:\/\/rna.ao\/rna.ao\/wp-json\/wp\/v2\/posts\/22013\/revisions\/22024"}],"wp:featuredmedia":[{"embeddable":true,"href":"https:\/\/rna.ao\/rna.ao\/wp-json\/wp\/v2\/media\/22015"}],"wp:attachment":[{"href":"https:\/\/rna.ao\/rna.ao\/wp-json\/wp\/v2\/media?parent=22013"}],"wp:term":[{"taxonomy":"category","embeddable":true,"href":"https:\/\/rna.ao\/rna.ao\/wp-json\/wp\/v2\/categories?post=22013"},{"taxonomy":"post_tag","embeddable":true,"href":"https:\/\/rna.ao\/rna.ao\/wp-json\/wp\/v2\/tags?post=22013"}],"curies":[{"name":"wp","href":"https:\/\/api.w.org\/{rel}","templated":true}]}}