{"id":21987,"date":"2021-04-21T19:13:08","date_gmt":"2021-04-21T18:13:08","guid":{"rendered":"https:\/\/rna.ao\/rna.ao\/?p=21987"},"modified":"2021-04-21T19:49:50","modified_gmt":"2021-04-21T18:49:50","slug":"consequencia-das-chuvas-em-luanda-numero-de-vitimas-mortais-sobe-para-24","status":"publish","type":"post","link":"https:\/\/rna.ao\/rna.ao\/2021\/04\/21\/consequencia-das-chuvas-em-luanda-numero-de-vitimas-mortais-sobe-para-24\/","title":{"rendered":"SOBE PARA 24 O N\u00daMERO DE V\u00cdTIMAS MORTAIS DA CHUVA DA PASSADA SEGUNDA-FEIRA. ENTRE AS VITIMAS, NOVE S\u00c3O CRIAN\u00c7AS."},"content":{"rendered":"<div class=\"pfnyh3mw aovydwv3 j83agx80 h676nmdw oi9244e8 oygrvhab\">\n<div class=\"l9j0dhe7\"><img loading=\"lazy\" class=\"size-full wp-image-21991 alignleft\" src=\"https:\/\/rna.ao\/rna.ao\/wp-content\/uploads\/2021\/04\/Agua-veloso.jpg\" alt=\"\" width=\"385\" height=\"206\" \/>A mais recente actualiza\u00e7\u00e3o de dados sobre os danos causados pela chuva, da \u00faltima segunda-feira (19), foi divulgada no final da reuni\u00e3o da Comiss\u00e3o Provincial de Protec\u00e7\u00e3o, presidida por Joana Lina, governadora de Luanda e coordenadora da referida Comiss\u00e3o.<\/div>\n<div class=\"l9j0dhe7\">Os n\u00fameros mostram as consequ\u00eancias humanas e materiais:<\/div>\n<div class=\"l9j0dhe7\">24 mortos, 03 feridos<\/div>\n<div class=\"l9j0dhe7\">2289 resid\u00eancias inundadas,<\/div>\n<div class=\"l9j0dhe7\">60 resid\u00eancias desabadas<\/div>\n<div class=\"l9j0dhe7\">2349 fam\u00edlias afectadas.<\/div>\n<div class=\"l9j0dhe7\">11745 pessoas afectadas,<\/div>\n<div class=\"l9j0dhe7\">14 escolas inundados<\/div>\n<div class=\"l9j0dhe7\">02 pontes destru\u00eddas parcialmente,<\/div>\n<div class=\"l9j0dhe7\">04 pontes inundadas,<\/div>\n<div class=\"l9j0dhe7\">58 \u00e1rvores ca\u00eddas,<\/div>\n<div class=\"l9j0dhe7\">04 centros de sa\u00fade inundados.<\/div>\n<div class=\"l9j0dhe7\">De acordo com o porta voz da Comiss\u00e3o Provincial de Protec\u00e7\u00e3o, Faustino Mingueis, est\u00e3o contabilizados j\u00e1 24 mortos, entre os quais nove crian\u00e7as, sendo do total de v\u00edtimas dez (10) no Munic\u00edpio de Cacuaco, cinco (5) no Munic\u00edpio de Luanda, tr\u00eas (3) em Viana, igual n\u00famero (3) no Cazenga e Kilamba Kiaxi (3).<\/div>\n<div class=\"l9j0dhe7\">Faustino Mingueis disse, igualmente, que a reuni\u00e3o decidiu, por outro lado, assegurar apoios por parte das comiss\u00f5es municipais para as fam\u00edlias afectadas pelas \u00faltimas chuvas.<\/div>\n<div class=\"l9j0dhe7\">J\u00e1 a governadora da Prov\u00edncia de Luanda e coordenadora da Comiss\u00e3o, Joana Lina, destacou a import\u00e2ncia de todo o trabalho que est\u00e1 a ser feito, salientando a necessidade de se prestar apoio \u00e0s fam\u00edlias afectadas.<\/div>\n<div class=\"l9j0dhe7\">Confira, no link abaixo, o \u00e1udio com as declara\u00e7\u00f5es do porta voz da Comiss\u00e3o Provincial de Protec\u00e7\u00e3o:<\/div>\n<\/div>\n\t<div class=\"qtmplayer-playlist-large\">\n\t\t<ul class=\"qtmplayer-playlist\">\n\t\t\t\n\t\t\t\t\t<li class=\"qtmplayer-trackitem\">\n\t\t<img src=\"https:\/\/rna.ao\/rna.ao\/wp-content\/uploads\/2021\/04\/Chuva-motos-100x100.jpg\" alt=\"cover\">\t\t<span \t\t\tdata-qtmplayer-cover=\"https:\/\/rna.ao\/rna.ao\/wp-content\/uploads\/2021\/04\/Chuva-motos.jpg\"\n\t\t\t\t\t\tdata-qtmplayer-file=\"https:\/\/rna.ao\/rna.ao\/wp-content\/uploads\/2021\/04\/BOMBEIRO.mp3\"\n\t\t\t\t\t\tdata-qtmplayer-title=\"SOBE PARA 24 O N\u00daMERO DE V\u00cdTIMAS MORTAIS DA CHUVA DA PASSADA SEGUNDA-FEIRA. ENTRE AS VITIMAS, NOVE S\u00c3O CRIAN\u00c7AS.\"\n\t\t\t\t\t\tdata-qtmplayer-artist=\"RNA\"\n\t\t\t\t\t\tdata-qtmplayer-link=\"https:\/\/rna.ao\/rna.ao\/2021\/04\/21\/consequencia-das-chuvas-em-luanda-numero-de-vitimas-mortais-sobe-para-24\/\"\n\t\t\t\t\t\tdata-qtmplayer-icon=\"file_download\"\n\t\t\t\t\t\tdata-qtmplayer-type=\"track\"\n\t\t\t class=\"qtmplayer-play qtmplayer-link-sec qtmplayer-play-btn\"><i class='material-icons'>play_arrow<\/i><\/span>\n\t\t<p>\n\t\t\t<span class=\"qtmplayer-tit\">SOBE PARA 24 O N\u00daMERO DE V\u00cdTIMAS MORTAIS DA CHUVA DA PASSADA SEGUNDA-FEIRA. ENTRE AS VITIMAS, NOVE S\u00c3O CRIAN\u00c7AS.<\/span>\n\t\t\t<span class=\"qtmplayer-art\">RNA<\/span>\n\t\t<\/p>\n\t<\/li>\n\t\t<\/ul>\n\t<\/div>\t\t\t\n\t\n<p>Fonte: RNA<\/p>\n","protected":false},"excerpt":{"rendered":"<p>A mais recente actualiza\u00e7\u00e3o de dados sobre os danos causados pela chuva, da \u00faltima segunda-feira (19), foi divulgada no final da reuni\u00e3o da Comiss\u00e3o Provincial de Protec\u00e7\u00e3o, presidida por Joana Lina, governadora de Luanda e coordenadora da referida Comiss\u00e3o. Os n\u00fameros mostram as consequ\u00eancias humanas e materiais: 24 mortos, 03 ...<\/p>\n","protected":false},"author":8,"featured_media":21990,"comment_status":"closed","ping_status":"closed","sticky":false,"template":"","format":"standard","meta":[],"categories":[141,133,163],"tags":[],"_links":{"self":[{"href":"https:\/\/rna.ao\/rna.ao\/wp-json\/wp\/v2\/posts\/21987"}],"collection":[{"href":"https:\/\/rna.ao\/rna.ao\/wp-json\/wp\/v2\/posts"}],"about":[{"href":"https:\/\/rna.ao\/rna.ao\/wp-json\/wp\/v2\/types\/post"}],"author":[{"embeddable":true,"href":"https:\/\/rna.ao\/rna.ao\/wp-json\/wp\/v2\/users\/8"}],"replies":[{"embeddable":true,"href":"https:\/\/rna.ao\/rna.ao\/wp-json\/wp\/v2\/comments?post=21987"}],"version-history":[{"count":9,"href":"https:\/\/rna.ao\/rna.ao\/wp-json\/wp\/v2\/posts\/21987\/revisions"}],"predecessor-version":[{"id":22003,"href":"https:\/\/rna.ao\/rna.ao\/wp-json\/wp\/v2\/posts\/21987\/revisions\/22003"}],"wp:featuredmedia":[{"embeddable":true,"href":"https:\/\/rna.ao\/rna.ao\/wp-json\/wp\/v2\/media\/21990"}],"wp:attachment":[{"href":"https:\/\/rna.ao\/rna.ao\/wp-json\/wp\/v2\/media?parent=21987"}],"wp:term":[{"taxonomy":"category","embeddable":true,"href":"https:\/\/rna.ao\/rna.ao\/wp-json\/wp\/v2\/categories?post=21987"},{"taxonomy":"post_tag","embeddable":true,"href":"https:\/\/rna.ao\/rna.ao\/wp-json\/wp\/v2\/tags?post=21987"}],"curies":[{"name":"wp","href":"https:\/\/api.w.org\/{rel}","templated":true}]}}