{"id":21915,"date":"2021-04-21T08:06:44","date_gmt":"2021-04-21T07:06:44","guid":{"rendered":"https:\/\/rna.ao\/rna.ao\/?p=21915"},"modified":"2021-04-21T08:07:53","modified_gmt":"2021-04-21T07:07:53","slug":"chefes-de-estado-e-de-governo-da-cirgl-assumem-missao-de-defender-a-paz-seguranca-e-estabilidade-na-regiao","status":"publish","type":"post","link":"https:\/\/rna.ao\/rna.ao\/2021\/04\/21\/chefes-de-estado-e-de-governo-da-cirgl-assumem-missao-de-defender-a-paz-seguranca-e-estabilidade-na-regiao\/","title":{"rendered":"Chefes de Estado e de Governo da CIRGL assumem miss\u00e3o de defender a paz, seguran\u00e7a e estabilidade na regi\u00e3o"},"content":{"rendered":"<p><img loading=\"lazy\" class=\"size-full wp-image-21917 alignleft\" src=\"https:\/\/rna.ao\/rna.ao\/wp-content\/uploads\/2021\/04\/CIRGL-2a-Cimeira-de-Luanda.jpg\" alt=\"\" width=\"303\" height=\"202\" \/>Os Chefes de Estado e de Governo da Confer\u00eancia Internacional para a Regi\u00e3o dos Grandes Lagos (CIRGL) assumiram a miss\u00e3o de defender a paz, seguran\u00e7a e estabilidade, dos pa\u00edses da regi\u00e3o. A decis\u00e3o saiu da mini-cimeira, realizada ter\u00e7a-feira (20), na capital angolana, Luanda.<\/p>\n<p>No final do encontro, o Presidente Jo\u00e3o Louren\u00e7o, revelou que a oposi\u00e7\u00e3o armada na Rep\u00fablica Centro Africana (RCA) decidiu depor as armas, e desta forma est\u00e3o criadas as condi\u00e7\u00f5es para uma nova era de pacifica\u00e7\u00e3o, naquele pa\u00eds. Ou\u00e7a, abaixo, com mais desenvolvimento na reportagem do Manuel Esperan\u00e7a:<\/p>\n\t<div class=\"qtmplayer-playlist-large\">\n\t\t<ul class=\"qtmplayer-playlist\">\n\t\t\t\n\t\t\t\t\t<li class=\"qtmplayer-trackitem\">\n\t\t<img src=\"https:\/\/rna.ao\/rna.ao\/wp-content\/uploads\/2021\/04\/CIRGL-2a-Cimeira-de-Luanda-100x100.jpg\" alt=\"cover\">\t\t<span \t\t\tdata-qtmplayer-cover=\"https:\/\/rna.ao\/rna.ao\/wp-content\/uploads\/2021\/04\/CIRGL-2a-Cimeira-de-Luanda.jpg\"\n\t\t\t\t\t\tdata-qtmplayer-file=\"https:\/\/rna.ao\/rna.ao\/wp-content\/uploads\/2021\/04\/MANUEL-ESPERANCA-07-HRS.mp3\"\n\t\t\t\t\t\tdata-qtmplayer-title=\"Chefes de Estado e de Governo da CIRGL assumem miss\u00e3o de defender a paz, seguran\u00e7a e estabilidade na regi\u00e3o\"\n\t\t\t\t\t\tdata-qtmplayer-artist=\"RNA\"\n\t\t\t\t\t\tdata-qtmplayer-link=\"https:\/\/rna.ao\/rna.ao\/2021\/04\/21\/chefes-de-estado-e-de-governo-da-cirgl-assumem-missao-de-defender-a-paz-seguranca-e-estabilidade-na-regiao\/\"\n\t\t\t\t\t\tdata-qtmplayer-icon=\"file_download\"\n\t\t\t\t\t\tdata-qtmplayer-type=\"track\"\n\t\t\t class=\"qtmplayer-play qtmplayer-link-sec qtmplayer-play-btn\"><i class='material-icons'>play_arrow<\/i><\/span>\n\t\t<p>\n\t\t\t<span class=\"qtmplayer-tit\">Chefes de Estado e de Governo da CIRGL assumem miss\u00e3o de defender a paz, seguran\u00e7a e estabilidade na regi\u00e3o<\/span>\n\t\t\t<span class=\"qtmplayer-art\">RNA<\/span>\n\t\t<\/p>\n\t<\/li>\n\t\t<\/ul>\n\t<\/div>\t\t\t\n\t\n<p>Fonte: RNA<\/p>\n","protected":false},"excerpt":{"rendered":"<p>Os Chefes de Estado e de Governo da Confer\u00eancia Internacional para a Regi\u00e3o dos Grandes Lagos (CIRGL) assumiram a miss\u00e3o de defender a paz, seguran\u00e7a e estabilidade, dos pa\u00edses da regi\u00e3o. A decis\u00e3o saiu da mini-cimeira, realizada ter\u00e7a-feira (20), na capital angolana, Luanda. No final do encontro, o Presidente Jo\u00e3o ...<\/p>\n","protected":false},"author":8,"featured_media":21917,"comment_status":"closed","ping_status":"closed","sticky":false,"template":"","format":"standard","meta":[],"categories":[121,163],"tags":[],"_links":{"self":[{"href":"https:\/\/rna.ao\/rna.ao\/wp-json\/wp\/v2\/posts\/21915"}],"collection":[{"href":"https:\/\/rna.ao\/rna.ao\/wp-json\/wp\/v2\/posts"}],"about":[{"href":"https:\/\/rna.ao\/rna.ao\/wp-json\/wp\/v2\/types\/post"}],"author":[{"embeddable":true,"href":"https:\/\/rna.ao\/rna.ao\/wp-json\/wp\/v2\/users\/8"}],"replies":[{"embeddable":true,"href":"https:\/\/rna.ao\/rna.ao\/wp-json\/wp\/v2\/comments?post=21915"}],"version-history":[{"count":2,"href":"https:\/\/rna.ao\/rna.ao\/wp-json\/wp\/v2\/posts\/21915\/revisions"}],"predecessor-version":[{"id":21919,"href":"https:\/\/rna.ao\/rna.ao\/wp-json\/wp\/v2\/posts\/21915\/revisions\/21919"}],"wp:featuredmedia":[{"embeddable":true,"href":"https:\/\/rna.ao\/rna.ao\/wp-json\/wp\/v2\/media\/21917"}],"wp:attachment":[{"href":"https:\/\/rna.ao\/rna.ao\/wp-json\/wp\/v2\/media?parent=21915"}],"wp:term":[{"taxonomy":"category","embeddable":true,"href":"https:\/\/rna.ao\/rna.ao\/wp-json\/wp\/v2\/categories?post=21915"},{"taxonomy":"post_tag","embeddable":true,"href":"https:\/\/rna.ao\/rna.ao\/wp-json\/wp\/v2\/tags?post=21915"}],"curies":[{"name":"wp","href":"https:\/\/api.w.org\/{rel}","templated":true}]}}