{"id":21906,"date":"2021-04-21T07:45:52","date_gmt":"2021-04-21T06:45:52","guid":{"rendered":"https:\/\/rna.ao\/rna.ao\/?p=21906"},"modified":"2021-04-21T08:11:31","modified_gmt":"2021-04-21T07:11:31","slug":"med-avalia-graficas-nacionais-para-deixar-de-importar-manuais-escolares","status":"publish","type":"post","link":"https:\/\/rna.ao\/rna.ao\/2021\/04\/21\/med-avalia-graficas-nacionais-para-deixar-de-importar-manuais-escolares\/","title":{"rendered":"MED avalia trabalho das gr\u00e1ficas nacionais para deixar de importar manuais escolares"},"content":{"rendered":"<p><img loading=\"lazy\" class=\"size-full wp-image-21912 alignleft\" src=\"https:\/\/rna.ao\/rna.ao\/wp-content\/uploads\/2021\/04\/Grafica-Damer.jpg\" alt=\"\" width=\"299\" height=\"200\" \/>A partir deste ano Angola pode passar a imprimir os manuais escolares no pa\u00eds. O Minist\u00e9rio da Educa\u00e7\u00e3o est\u00e1 a visitar as diferentes gr\u00e1ficas, para fazer o levantamento da capacidade instalada na impress\u00e3o dos livros, localmente.<\/p>\n<p>O Minist\u00e9rio da Educa\u00e7\u00e3o admite que a medida poder\u00e1 minorar os constrangimentos, que se prendem na distribui\u00e7\u00e3o atempada dos manuais \u00e0s escolas. Ou\u00e7a, abaixo, com mais desenvolvimento na reportagem do Adriano Belmiro:<\/p>\n\t<div class=\"qtmplayer-playlist-large\">\n\t\t<ul class=\"qtmplayer-playlist\">\n\t\t\t\n\t\t\t\t\t<li class=\"qtmplayer-trackitem\">\n\t\t<img src=\"https:\/\/rna.ao\/rna.ao\/wp-content\/uploads\/2021\/04\/Grafica-Damer-100x100.jpg\" alt=\"cover\">\t\t<span \t\t\tdata-qtmplayer-cover=\"https:\/\/rna.ao\/rna.ao\/wp-content\/uploads\/2021\/04\/Grafica-Damer.jpg\"\n\t\t\t\t\t\tdata-qtmplayer-file=\"https:\/\/rna.ao\/rna.ao\/wp-content\/uploads\/2021\/04\/ADRIANO-BELMIRO-EDUCACAO-07HRS.mp3\"\n\t\t\t\t\t\tdata-qtmplayer-title=\"MED avalia trabalho das gr\u00e1ficas nacionais para deixar de importar manuais escolares\"\n\t\t\t\t\t\tdata-qtmplayer-artist=\"RNA\"\n\t\t\t\t\t\tdata-qtmplayer-link=\"https:\/\/rna.ao\/rna.ao\/2021\/04\/21\/med-avalia-graficas-nacionais-para-deixar-de-importar-manuais-escolares\/\"\n\t\t\t\t\t\tdata-qtmplayer-icon=\"file_download\"\n\t\t\t\t\t\tdata-qtmplayer-type=\"track\"\n\t\t\t class=\"qtmplayer-play qtmplayer-link-sec qtmplayer-play-btn\"><i class='material-icons'>play_arrow<\/i><\/span>\n\t\t<p>\n\t\t\t<span class=\"qtmplayer-tit\">MED avalia trabalho das gr\u00e1ficas nacionais para deixar de importar manuais escolares<\/span>\n\t\t\t<span class=\"qtmplayer-art\">RNA<\/span>\n\t\t<\/p>\n\t<\/li>\n\t\t<\/ul>\n\t<\/div>\t\t\t\n\t\n<p>Fonte: RNA<\/p>\n","protected":false},"excerpt":{"rendered":"<p>A partir deste ano Angola pode passar a imprimir os manuais escolares no pa\u00eds. O Minist\u00e9rio da Educa\u00e7\u00e3o est\u00e1 a visitar as diferentes gr\u00e1ficas, para fazer o levantamento da capacidade instalada na impress\u00e3o dos livros, localmente. O Minist\u00e9rio da Educa\u00e7\u00e3o admite que a medida poder\u00e1 minorar os constrangimentos, que se ...<\/p>\n","protected":false},"author":8,"featured_media":21912,"comment_status":"closed","ping_status":"closed","sticky":false,"template":"","format":"standard","meta":[],"categories":[121,163],"tags":[],"_links":{"self":[{"href":"https:\/\/rna.ao\/rna.ao\/wp-json\/wp\/v2\/posts\/21906"}],"collection":[{"href":"https:\/\/rna.ao\/rna.ao\/wp-json\/wp\/v2\/posts"}],"about":[{"href":"https:\/\/rna.ao\/rna.ao\/wp-json\/wp\/v2\/types\/post"}],"author":[{"embeddable":true,"href":"https:\/\/rna.ao\/rna.ao\/wp-json\/wp\/v2\/users\/8"}],"replies":[{"embeddable":true,"href":"https:\/\/rna.ao\/rna.ao\/wp-json\/wp\/v2\/comments?post=21906"}],"version-history":[{"count":5,"href":"https:\/\/rna.ao\/rna.ao\/wp-json\/wp\/v2\/posts\/21906\/revisions"}],"predecessor-version":[{"id":21924,"href":"https:\/\/rna.ao\/rna.ao\/wp-json\/wp\/v2\/posts\/21906\/revisions\/21924"}],"wp:featuredmedia":[{"embeddable":true,"href":"https:\/\/rna.ao\/rna.ao\/wp-json\/wp\/v2\/media\/21912"}],"wp:attachment":[{"href":"https:\/\/rna.ao\/rna.ao\/wp-json\/wp\/v2\/media?parent=21906"}],"wp:term":[{"taxonomy":"category","embeddable":true,"href":"https:\/\/rna.ao\/rna.ao\/wp-json\/wp\/v2\/categories?post=21906"},{"taxonomy":"post_tag","embeddable":true,"href":"https:\/\/rna.ao\/rna.ao\/wp-json\/wp\/v2\/tags?post=21906"}],"curies":[{"name":"wp","href":"https:\/\/api.w.org\/{rel}","templated":true}]}}