{"id":21905,"date":"2021-04-21T07:46:00","date_gmt":"2021-04-21T06:46:00","guid":{"rendered":"https:\/\/rna.ao\/rna.ao\/?p=21905"},"modified":"2021-04-21T08:09:27","modified_gmt":"2021-04-21T07:09:27","slug":"21905","status":"publish","type":"post","link":"https:\/\/rna.ao\/rna.ao\/2021\/04\/21\/21905\/","title":{"rendered":"IGAE exorta empres\u00e1rios a denunciarem m\u00e1s pr\u00e1ticas dos agentes p\u00fablicos"},"content":{"rendered":"<p><img loading=\"lazy\" class=\"size-full wp-image-21908 alignleft\" src=\"https:\/\/rna.ao\/rna.ao\/wp-content\/uploads\/2021\/04\/Sebastiao-Ngunza.jpg\" alt=\"\" width=\"288\" height=\"193\" \/>A Inspe\u00e7\u00e3o Geral da Administra\u00e7\u00e3o do Estado (IGAE) apela aos empres\u00e1rios a denunciarem as m\u00e1s pr\u00e1ticas dos agentes p\u00fablicos, que colocam em causa o normal funcionamento da estrutura econ\u00f3mica-empresarial nacional.<\/p>\n<p>O Inspector Geral da IGAE, Sebasti\u00e3o Ngunza, fez estes pronunciamentos no encontro que juntou quadros da institui\u00e7\u00e3o, do Minist\u00e9rio da Ind\u00fastria e Com\u00e9rcio e empres\u00e1rios. Ou\u00e7a, abaixo, toda informa\u00e7\u00e3o com o rep\u00f3rter Lopes Canhina:<\/p>\n\t<div class=\"qtmplayer-playlist-large\">\n\t\t<ul class=\"qtmplayer-playlist\">\n\t\t\t\n\t\t\t\t\t<li class=\"qtmplayer-trackitem\">\n\t\t<img src=\"https:\/\/rna.ao\/rna.ao\/wp-content\/uploads\/2021\/04\/Sebastiao-Ngunza-100x100.jpg\" alt=\"cover\">\t\t<span \t\t\tdata-qtmplayer-cover=\"https:\/\/rna.ao\/rna.ao\/wp-content\/uploads\/2021\/04\/Sebastiao-Ngunza.jpg\"\n\t\t\t\t\t\tdata-qtmplayer-file=\"https:\/\/rna.ao\/rna.ao\/wp-content\/uploads\/2021\/04\/LOPES-CANHINA-COMERCIO-07-HRS.mp3\"\n\t\t\t\t\t\tdata-qtmplayer-title=\"IGAE exorta empres\u00e1rios a denunciarem m\u00e1s pr\u00e1ticas dos agentes p\u00fablicos\"\n\t\t\t\t\t\tdata-qtmplayer-artist=\"RNA\"\n\t\t\t\t\t\tdata-qtmplayer-link=\"https:\/\/rna.ao\/rna.ao\/2021\/04\/21\/21905\/\"\n\t\t\t\t\t\tdata-qtmplayer-icon=\"file_download\"\n\t\t\t\t\t\tdata-qtmplayer-type=\"track\"\n\t\t\t class=\"qtmplayer-play qtmplayer-link-sec qtmplayer-play-btn\"><i class='material-icons'>play_arrow<\/i><\/span>\n\t\t<p>\n\t\t\t<span class=\"qtmplayer-tit\">IGAE exorta empres\u00e1rios a denunciarem m\u00e1s pr\u00e1ticas dos agentes p\u00fablicos<\/span>\n\t\t\t<span class=\"qtmplayer-art\">RNA<\/span>\n\t\t<\/p>\n\t<\/li>\n\t\t<\/ul>\n\t<\/div>\t\t\t\n\t\n<p>O encontro de divulga\u00e7\u00e3o de regras de actua\u00e7\u00e3o da IGAE e outros organismos, contou com a presen\u00e7a de distintos operadores econ\u00f3micos e representantes das associa\u00e7\u00f5es industriais e comerciais do pa\u00eds.<\/p>\n<p>Fonte: RNA<\/p>\n","protected":false},"excerpt":{"rendered":"<p>A Inspe\u00e7\u00e3o Geral da Administra\u00e7\u00e3o do Estado (IGAE) apela aos empres\u00e1rios a denunciarem as m\u00e1s pr\u00e1ticas dos agentes p\u00fablicos, que colocam em causa o normal funcionamento da estrutura econ\u00f3mica-empresarial nacional. O Inspector Geral da IGAE, Sebasti\u00e3o Ngunza, fez estes pronunciamentos no encontro que juntou quadros da institui\u00e7\u00e3o, do Minist\u00e9rio da ...<\/p>\n","protected":false},"author":8,"featured_media":21908,"comment_status":"closed","ping_status":"closed","sticky":false,"template":"","format":"standard","meta":[],"categories":[121,163],"tags":[],"_links":{"self":[{"href":"https:\/\/rna.ao\/rna.ao\/wp-json\/wp\/v2\/posts\/21905"}],"collection":[{"href":"https:\/\/rna.ao\/rna.ao\/wp-json\/wp\/v2\/posts"}],"about":[{"href":"https:\/\/rna.ao\/rna.ao\/wp-json\/wp\/v2\/types\/post"}],"author":[{"embeddable":true,"href":"https:\/\/rna.ao\/rna.ao\/wp-json\/wp\/v2\/users\/8"}],"replies":[{"embeddable":true,"href":"https:\/\/rna.ao\/rna.ao\/wp-json\/wp\/v2\/comments?post=21905"}],"version-history":[{"count":4,"href":"https:\/\/rna.ao\/rna.ao\/wp-json\/wp\/v2\/posts\/21905\/revisions"}],"predecessor-version":[{"id":21921,"href":"https:\/\/rna.ao\/rna.ao\/wp-json\/wp\/v2\/posts\/21905\/revisions\/21921"}],"wp:featuredmedia":[{"embeddable":true,"href":"https:\/\/rna.ao\/rna.ao\/wp-json\/wp\/v2\/media\/21908"}],"wp:attachment":[{"href":"https:\/\/rna.ao\/rna.ao\/wp-json\/wp\/v2\/media?parent=21905"}],"wp:term":[{"taxonomy":"category","embeddable":true,"href":"https:\/\/rna.ao\/rna.ao\/wp-json\/wp\/v2\/categories?post=21905"},{"taxonomy":"post_tag","embeddable":true,"href":"https:\/\/rna.ao\/rna.ao\/wp-json\/wp\/v2\/tags?post=21905"}],"curies":[{"name":"wp","href":"https:\/\/api.w.org\/{rel}","templated":true}]}}