{"id":21890,"date":"2021-04-21T07:16:56","date_gmt":"2021-04-21T06:16:56","guid":{"rendered":"https:\/\/rna.ao\/rna.ao\/?p=21890"},"modified":"2021-04-21T08:14:06","modified_gmt":"2021-04-21T07:14:06","slug":"maior-parte-dos-produtos-agricolas-produzidos-e-consumidos-no-pais-nao-sao-testados-em-laboratorios","status":"publish","type":"post","link":"https:\/\/rna.ao\/rna.ao\/2021\/04\/21\/maior-parte-dos-produtos-agricolas-produzidos-e-consumidos-no-pais-nao-sao-testados-em-laboratorios\/","title":{"rendered":"Maior parte dos produtos agr\u00edcolas produzidos e consumidos no pa\u00eds n\u00e3o s\u00e3o testados em laborat\u00f3rios"},"content":{"rendered":"<p><img loading=\"lazy\" class=\"size-full wp-image-21895 alignleft\" src=\"https:\/\/rna.ao\/rna.ao\/wp-content\/uploads\/2021\/04\/Teste-de-alimento-no-laboratorio.jpg\" alt=\"\" width=\"263\" height=\"140\" \/>A maior parte dos produtos agr\u00edcolas alimentares, produzidos pelos agricultores familiares, e consumidos no pa\u00eds, n\u00e3o s\u00e3o testados laboratorialmente. Os poucos que passam por um teste laboratorial, s\u00e3o os produzidos pelos produtores empresariais, e que se destinam \u00e0 exporta\u00e7\u00e3o.<\/p>\n<p>Para o produtor agr\u00edcola, Jos\u00e9 Alexandre, a situa\u00e7\u00e3o agrava quando n\u00e3o se consegue medir o grau de toxidade de um determinado produto agr\u00edcola alimentar. Clique no \u00e1udio e ou\u00e7a:<\/p>\n\t<div class=\"qtmplayer-playlist-large\">\n\t\t<ul class=\"qtmplayer-playlist\">\n\t\t\t\n\t\t\t\t\t<li class=\"qtmplayer-trackitem\">\n\t\t<img src=\"https:\/\/rna.ao\/rna.ao\/wp-content\/uploads\/2021\/04\/Teste-de-alimento-no-laboratorio-100x100.jpg\" alt=\"cover\">\t\t<span \t\t\tdata-qtmplayer-cover=\"https:\/\/rna.ao\/rna.ao\/wp-content\/uploads\/2021\/04\/Teste-de-alimento-no-laboratorio.jpg\"\n\t\t\t\t\t\tdata-qtmplayer-file=\"https:\/\/rna.ao\/rna.ao\/wp-content\/uploads\/2021\/04\/JOSE-ALEXANDRE-07-HRS.mp3\"\n\t\t\t\t\t\tdata-qtmplayer-title=\"Maior parte dos produtos agr\u00edcolas produzidos e consumidos no pa\u00eds n\u00e3o s\u00e3o testados em laborat\u00f3rios\"\n\t\t\t\t\t\tdata-qtmplayer-artist=\"RNA\"\n\t\t\t\t\t\tdata-qtmplayer-link=\"https:\/\/rna.ao\/rna.ao\/2021\/04\/21\/maior-parte-dos-produtos-agricolas-produzidos-e-consumidos-no-pais-nao-sao-testados-em-laboratorios\/\"\n\t\t\t\t\t\tdata-qtmplayer-icon=\"file_download\"\n\t\t\t\t\t\tdata-qtmplayer-type=\"track\"\n\t\t\t class=\"qtmplayer-play qtmplayer-link-sec qtmplayer-play-btn\"><i class='material-icons'>play_arrow<\/i><\/span>\n\t\t<p>\n\t\t\t<span class=\"qtmplayer-tit\">Maior parte dos produtos agr\u00edcolas produzidos e consumidos no pa\u00eds n\u00e3o s\u00e3o testados em laborat\u00f3rios<\/span>\n\t\t\t<span class=\"qtmplayer-art\">RNA<\/span>\n\t\t<\/p>\n\t<\/li>\n\t\t<\/ul>\n\t<\/div>\t\t\t\n\t\n<p>O t\u00e9cnico da Direc\u00e7\u00e3o Nacional da Agricultura e Pecu\u00e1ria, do Minist\u00e9rio da Agricultura e Pescas, Ant\u00f3nio dos Santos, reconhece as dificuldades que se tem, para testar os produtos alimentares produzidos localmente, e esclarece que est\u00e3o a ser tomadas medidas para inverter o quadro actual. Clique no \u00e1udio e ou\u00e7a:<\/p>\n\t<div class=\"qtmplayer-playlist-large\">\n\t\t<ul class=\"qtmplayer-playlist\">\n\t\t\t\n\t\t\t\t\t<li class=\"qtmplayer-trackitem\">\n\t\t<img src=\"https:\/\/rna.ao\/rna.ao\/wp-content\/uploads\/2021\/04\/Teste-de-alimento-no-laboratorio-100x100.jpg\" alt=\"cover\">\t\t<span \t\t\tdata-qtmplayer-cover=\"https:\/\/rna.ao\/rna.ao\/wp-content\/uploads\/2021\/04\/Teste-de-alimento-no-laboratorio.jpg\"\n\t\t\t\t\t\tdata-qtmplayer-file=\"https:\/\/rna.ao\/rna.ao\/wp-content\/uploads\/2021\/04\/ANTONIO-DOS-SANTOS-07-HRS.mp3\"\n\t\t\t\t\t\tdata-qtmplayer-title=\"Maior parte dos produtos agr\u00edcolas produzidos e consumidos no pa\u00eds n\u00e3o s\u00e3o testados em laborat\u00f3rios\"\n\t\t\t\t\t\tdata-qtmplayer-artist=\"RNA\"\n\t\t\t\t\t\tdata-qtmplayer-link=\"https:\/\/rna.ao\/rna.ao\/2021\/04\/21\/maior-parte-dos-produtos-agricolas-produzidos-e-consumidos-no-pais-nao-sao-testados-em-laboratorios\/\"\n\t\t\t\t\t\tdata-qtmplayer-icon=\"file_download\"\n\t\t\t\t\t\tdata-qtmplayer-type=\"track\"\n\t\t\t class=\"qtmplayer-play qtmplayer-link-sec qtmplayer-play-btn\"><i class='material-icons'>play_arrow<\/i><\/span>\n\t\t<p>\n\t\t\t<span class=\"qtmplayer-tit\">Maior parte dos produtos agr\u00edcolas produzidos e consumidos no pa\u00eds n\u00e3o s\u00e3o testados em laborat\u00f3rios<\/span>\n\t\t\t<span class=\"qtmplayer-art\">RNA<\/span>\n\t\t<\/p>\n\t<\/li>\n\t\t<\/ul>\n\t<\/div>\t\t\t\n\t\n<p>Para o engenheiro agr\u00f3nomo, Ad\u00e9rito Costa, o desafio da melhoria da qualidade dos produtos agr\u00edcolas, produzidos localmente, \u00e9 enorme, mas \u00e9 preciso que sejam feitos investimentos. Clique no \u00e1udio e ou\u00e7a:<\/p>\n\t<div class=\"qtmplayer-playlist-large\">\n\t\t<ul class=\"qtmplayer-playlist\">\n\t\t\t\n\t\t\t\t\t<li class=\"qtmplayer-trackitem\">\n\t\t<img src=\"https:\/\/rna.ao\/rna.ao\/wp-content\/uploads\/2021\/04\/Teste-de-alimento-no-laboratorio-100x100.jpg\" alt=\"cover\">\t\t<span \t\t\tdata-qtmplayer-cover=\"https:\/\/rna.ao\/rna.ao\/wp-content\/uploads\/2021\/04\/Teste-de-alimento-no-laboratorio.jpg\"\n\t\t\t\t\t\tdata-qtmplayer-file=\"https:\/\/rna.ao\/rna.ao\/wp-content\/uploads\/2021\/04\/ADERITO-COSTA-07-HRS.mp3\"\n\t\t\t\t\t\tdata-qtmplayer-title=\"Maior parte dos produtos agr\u00edcolas produzidos e consumidos no pa\u00eds n\u00e3o s\u00e3o testados em laborat\u00f3rios\"\n\t\t\t\t\t\tdata-qtmplayer-artist=\"RNA\"\n\t\t\t\t\t\tdata-qtmplayer-link=\"https:\/\/rna.ao\/rna.ao\/2021\/04\/21\/maior-parte-dos-produtos-agricolas-produzidos-e-consumidos-no-pais-nao-sao-testados-em-laboratorios\/\"\n\t\t\t\t\t\tdata-qtmplayer-icon=\"file_download\"\n\t\t\t\t\t\tdata-qtmplayer-type=\"track\"\n\t\t\t class=\"qtmplayer-play qtmplayer-link-sec qtmplayer-play-btn\"><i class='material-icons'>play_arrow<\/i><\/span>\n\t\t<p>\n\t\t\t<span class=\"qtmplayer-tit\">Maior parte dos produtos agr\u00edcolas produzidos e consumidos no pa\u00eds n\u00e3o s\u00e3o testados em laborat\u00f3rios<\/span>\n\t\t\t<span class=\"qtmplayer-art\">RNA<\/span>\n\t\t<\/p>\n\t<\/li>\n\t\t<\/ul>\n\t<\/div>\t\t\t\n\t\n<p>Fonte: RNA<\/p>\n","protected":false},"excerpt":{"rendered":"<p>A maior parte dos produtos agr\u00edcolas alimentares, produzidos pelos agricultores familiares, e consumidos no pa\u00eds, n\u00e3o s\u00e3o testados laboratorialmente. Os poucos que passam por um teste laboratorial, s\u00e3o os produzidos pelos produtores empresariais, e que se destinam \u00e0 exporta\u00e7\u00e3o. Para o produtor agr\u00edcola, Jos\u00e9 Alexandre, a situa\u00e7\u00e3o agrava quando n\u00e3o ...<\/p>\n","protected":false},"author":8,"featured_media":21895,"comment_status":"closed","ping_status":"closed","sticky":false,"template":"","format":"standard","meta":[],"categories":[121,163],"tags":[],"_links":{"self":[{"href":"https:\/\/rna.ao\/rna.ao\/wp-json\/wp\/v2\/posts\/21890"}],"collection":[{"href":"https:\/\/rna.ao\/rna.ao\/wp-json\/wp\/v2\/posts"}],"about":[{"href":"https:\/\/rna.ao\/rna.ao\/wp-json\/wp\/v2\/types\/post"}],"author":[{"embeddable":true,"href":"https:\/\/rna.ao\/rna.ao\/wp-json\/wp\/v2\/users\/8"}],"replies":[{"embeddable":true,"href":"https:\/\/rna.ao\/rna.ao\/wp-json\/wp\/v2\/comments?post=21890"}],"version-history":[{"count":2,"href":"https:\/\/rna.ao\/rna.ao\/wp-json\/wp\/v2\/posts\/21890\/revisions"}],"predecessor-version":[{"id":21925,"href":"https:\/\/rna.ao\/rna.ao\/wp-json\/wp\/v2\/posts\/21890\/revisions\/21925"}],"wp:featuredmedia":[{"embeddable":true,"href":"https:\/\/rna.ao\/rna.ao\/wp-json\/wp\/v2\/media\/21895"}],"wp:attachment":[{"href":"https:\/\/rna.ao\/rna.ao\/wp-json\/wp\/v2\/media?parent=21890"}],"wp:term":[{"taxonomy":"category","embeddable":true,"href":"https:\/\/rna.ao\/rna.ao\/wp-json\/wp\/v2\/categories?post=21890"},{"taxonomy":"post_tag","embeddable":true,"href":"https:\/\/rna.ao\/rna.ao\/wp-json\/wp\/v2\/tags?post=21890"}],"curies":[{"name":"wp","href":"https:\/\/api.w.org\/{rel}","templated":true}]}}