{"id":21877,"date":"2021-04-21T06:31:32","date_gmt":"2021-04-21T05:31:32","guid":{"rendered":"https:\/\/rna.ao\/rna.ao\/?p=21877"},"modified":"2021-04-21T08:15:54","modified_gmt":"2021-04-21T07:15:54","slug":"soyo-policia-nacional-apreende-seis-embarcacoes-envolvidas-no-contrabando-de-combustivel","status":"publish","type":"post","link":"https:\/\/rna.ao\/rna.ao\/2021\/04\/21\/soyo-policia-nacional-apreende-seis-embarcacoes-envolvidas-no-contrabando-de-combustivel\/","title":{"rendered":"Soyo: Pol\u00edcia nacional apreende seis embarca\u00e7\u00f5es envolvidas no contrabando de combust\u00edvel"},"content":{"rendered":"<p><img loading=\"lazy\" class=\"size-full wp-image-21879 alignleft\" src=\"https:\/\/rna.ao\/rna.ao\/wp-content\/uploads\/2021\/04\/Embarcacao-de-combustivel.jpg\" alt=\"\" width=\"318\" height=\"218\" \/>Na prov\u00edncia do Zaire, a Pol\u00edcia nacional apreendeu, no Munic\u00edpio do Soyo, seis embarca\u00e7\u00f5es envolvidas no contrabando de combust\u00edvel, que tinha como destino a Rep\u00fablica Democr\u00e1tica do Congo. Clique no \u00e1udio, abaixo, e ou\u00e7a com mais desenvolvimento na reportagem\u00a0 do Alberto Segunda:<\/p>\n\t<div class=\"qtmplayer-playlist-large\">\n\t\t<ul class=\"qtmplayer-playlist\">\n\t\t\t\n\t\t\t\t\t<li class=\"qtmplayer-trackitem\">\n\t\t<img src=\"https:\/\/rna.ao\/rna.ao\/wp-content\/uploads\/2021\/04\/Embarcacao-de-combustivel-100x100.jpg\" alt=\"cover\">\t\t<span \t\t\tdata-qtmplayer-cover=\"https:\/\/rna.ao\/rna.ao\/wp-content\/uploads\/2021\/04\/Embarcacao-de-combustivel.jpg\"\n\t\t\t\t\t\tdata-qtmplayer-file=\"https:\/\/rna.ao\/rna.ao\/wp-content\/uploads\/2021\/04\/SOYO-COMBUSTIVEL.-06HSmp3.mp3\"\n\t\t\t\t\t\tdata-qtmplayer-title=\"Soyo: Pol\u00edcia nacional apreende seis embarca\u00e7\u00f5es envolvidas no contrabando de combust\u00edvel\"\n\t\t\t\t\t\tdata-qtmplayer-artist=\"RNA\"\n\t\t\t\t\t\tdata-qtmplayer-link=\"https:\/\/rna.ao\/rna.ao\/2021\/04\/21\/soyo-policia-nacional-apreende-seis-embarcacoes-envolvidas-no-contrabando-de-combustivel\/\"\n\t\t\t\t\t\tdata-qtmplayer-icon=\"file_download\"\n\t\t\t\t\t\tdata-qtmplayer-type=\"track\"\n\t\t\t class=\"qtmplayer-play qtmplayer-link-sec qtmplayer-play-btn\"><i class='material-icons'>play_arrow<\/i><\/span>\n\t\t<p>\n\t\t\t<span class=\"qtmplayer-tit\">Soyo: Pol\u00edcia nacional apreende seis embarca\u00e7\u00f5es envolvidas no contrabando de combust\u00edvel<\/span>\n\t\t\t<span class=\"qtmplayer-art\">RNA<\/span>\n\t\t<\/p>\n\t<\/li>\n\t\t<\/ul>\n\t<\/div>\t\t\t\n\t\n<p>Fonte: RNA<\/p>\n","protected":false},"excerpt":{"rendered":"<p>Na prov\u00edncia do Zaire, a Pol\u00edcia nacional apreendeu, no Munic\u00edpio do Soyo, seis embarca\u00e7\u00f5es envolvidas no contrabando de combust\u00edvel, que tinha como destino a Rep\u00fablica Democr\u00e1tica do Congo. Clique no \u00e1udio, abaixo, e ou\u00e7a com mais desenvolvimento na reportagem\u00a0 do Alberto Segunda: Fonte: RNA<\/p>\n","protected":false},"author":8,"featured_media":21879,"comment_status":"closed","ping_status":"closed","sticky":false,"template":"","format":"standard","meta":[],"categories":[121,164,163],"tags":[],"_links":{"self":[{"href":"https:\/\/rna.ao\/rna.ao\/wp-json\/wp\/v2\/posts\/21877"}],"collection":[{"href":"https:\/\/rna.ao\/rna.ao\/wp-json\/wp\/v2\/posts"}],"about":[{"href":"https:\/\/rna.ao\/rna.ao\/wp-json\/wp\/v2\/types\/post"}],"author":[{"embeddable":true,"href":"https:\/\/rna.ao\/rna.ao\/wp-json\/wp\/v2\/users\/8"}],"replies":[{"embeddable":true,"href":"https:\/\/rna.ao\/rna.ao\/wp-json\/wp\/v2\/comments?post=21877"}],"version-history":[{"count":2,"href":"https:\/\/rna.ao\/rna.ao\/wp-json\/wp\/v2\/posts\/21877\/revisions"}],"predecessor-version":[{"id":21926,"href":"https:\/\/rna.ao\/rna.ao\/wp-json\/wp\/v2\/posts\/21877\/revisions\/21926"}],"wp:featuredmedia":[{"embeddable":true,"href":"https:\/\/rna.ao\/rna.ao\/wp-json\/wp\/v2\/media\/21879"}],"wp:attachment":[{"href":"https:\/\/rna.ao\/rna.ao\/wp-json\/wp\/v2\/media?parent=21877"}],"wp:term":[{"taxonomy":"category","embeddable":true,"href":"https:\/\/rna.ao\/rna.ao\/wp-json\/wp\/v2\/categories?post=21877"},{"taxonomy":"post_tag","embeddable":true,"href":"https:\/\/rna.ao\/rna.ao\/wp-json\/wp\/v2\/tags?post=21877"}],"curies":[{"name":"wp","href":"https:\/\/api.w.org\/{rel}","templated":true}]}}