{"id":21870,"date":"2021-04-21T05:44:13","date_gmt":"2021-04-21T04:44:13","guid":{"rendered":"https:\/\/rna.ao\/rna.ao\/?p=21870"},"modified":"2021-04-21T05:57:08","modified_gmt":"2021-04-21T04:57:08","slug":"os-jogadores-responderam-com-uma-atitude-muito-positiva-jose-neto","status":"publish","type":"post","link":"https:\/\/rna.ao\/rna.ao\/2021\/04\/21\/os-jogadores-responderam-com-uma-atitude-muito-positiva-jose-neto\/","title":{"rendered":"&#8220;Os jogadores responderam com uma atitude muito positiva&#8221;, Jos\u00e9 Neto"},"content":{"rendered":"<p><img loading=\"lazy\" class=\"size-full wp-image-10885 alignleft\" src=\"https:\/\/rna.ao\/rna.ao\/wp-content\/uploads\/2020\/11\/Jose-Neto-basquetebol-coach.jpg\" alt=\"\" width=\"318\" height=\"212\" \/>O T\u00e9cnico principal da equipa s\u00e9nior de basquetebol do Atl\u00e9tico Petr\u00f3leos de Luanda, Jos\u00e9 Neto, disse que vai preparar os tricolores para o pr\u00f3ximo jogo, com o Grupo Desportivo Interclube, porque nada ainda est\u00e1 vencido. O brasileiro ao servi\u00e7o dos tricolores teceu tais pronunciamentos ter\u00e7a-feira, 20 de Abril, no Pavilh\u00e3o Multiusos do Kilamba, no final da primeira partida, a melhor de tr\u00eas, dos Playoff, em que venceram os &#8220;pol\u00edcias da capital&#8221;, por (92-71). Clique no \u00e1udio e ou\u00e7a:<\/p>\n\t<div class=\"qtmplayer-playlist-large\">\n\t\t<ul class=\"qtmplayer-playlist\">\n\t\t\t\n\t\t\t\t\t<li class=\"qtmplayer-trackitem\">\n\t\t<img src=\"https:\/\/rna.ao\/rna.ao\/wp-content\/uploads\/2020\/11\/Jose-Neto-basquetebol-coach-100x100.jpg\" alt=\"cover\">\t\t<span \t\t\tdata-qtmplayer-cover=\"https:\/\/rna.ao\/rna.ao\/wp-content\/uploads\/2020\/11\/Jose-Neto-basquetebol-coach.jpg\"\n\t\t\t\t\t\tdata-qtmplayer-file=\"https:\/\/rna.ao\/rna.ao\/wp-content\/uploads\/2021\/04\/20H30-JOSE-NETO-20-04-21.mp3\"\n\t\t\t\t\t\tdata-qtmplayer-title=\"&#8220;Os jogadores responderam com uma atitude muito positiva&#8221;, Jos\u00e9 Neto\"\n\t\t\t\t\t\tdata-qtmplayer-artist=\"RNA\"\n\t\t\t\t\t\tdata-qtmplayer-link=\"https:\/\/rna.ao\/rna.ao\/2021\/04\/21\/os-jogadores-responderam-com-uma-atitude-muito-positiva-jose-neto\/\"\n\t\t\t\t\t\tdata-qtmplayer-icon=\"file_download\"\n\t\t\t\t\t\tdata-qtmplayer-type=\"track\"\n\t\t\t class=\"qtmplayer-play qtmplayer-link-sec qtmplayer-play-btn\"><i class='material-icons'>play_arrow<\/i><\/span>\n\t\t<p>\n\t\t\t<span class=\"qtmplayer-tit\">&#8220;Os jogadores responderam com uma atitude muito positiva&#8221;, Jos\u00e9 Neto<\/span>\n\t\t\t<span class=\"qtmplayer-art\">RNA<\/span>\n\t\t<\/p>\n\t<\/li>\n\t\t<\/ul>\n\t<\/div>\t\t\t\n\t\n<p>Fonte: R\u00e1dio 5\/RNA<\/p>\n","protected":false},"excerpt":{"rendered":"<p>O T\u00e9cnico principal da equipa s\u00e9nior de basquetebol do Atl\u00e9tico Petr\u00f3leos de Luanda, Jos\u00e9 Neto, disse que vai preparar os tricolores para o pr\u00f3ximo jogo, com o Grupo Desportivo Interclube, porque nada ainda est\u00e1 vencido. O brasileiro ao servi\u00e7o dos tricolores teceu tais pronunciamentos ter\u00e7a-feira, 20 de Abril, no Pavilh\u00e3o ...<\/p>\n","protected":false},"author":8,"featured_media":10885,"comment_status":"closed","ping_status":"closed","sticky":false,"template":"","format":"standard","meta":[],"categories":[145,125,164],"tags":[],"_links":{"self":[{"href":"https:\/\/rna.ao\/rna.ao\/wp-json\/wp\/v2\/posts\/21870"}],"collection":[{"href":"https:\/\/rna.ao\/rna.ao\/wp-json\/wp\/v2\/posts"}],"about":[{"href":"https:\/\/rna.ao\/rna.ao\/wp-json\/wp\/v2\/types\/post"}],"author":[{"embeddable":true,"href":"https:\/\/rna.ao\/rna.ao\/wp-json\/wp\/v2\/users\/8"}],"replies":[{"embeddable":true,"href":"https:\/\/rna.ao\/rna.ao\/wp-json\/wp\/v2\/comments?post=21870"}],"version-history":[{"count":1,"href":"https:\/\/rna.ao\/rna.ao\/wp-json\/wp\/v2\/posts\/21870\/revisions"}],"predecessor-version":[{"id":21872,"href":"https:\/\/rna.ao\/rna.ao\/wp-json\/wp\/v2\/posts\/21870\/revisions\/21872"}],"wp:featuredmedia":[{"embeddable":true,"href":"https:\/\/rna.ao\/rna.ao\/wp-json\/wp\/v2\/media\/10885"}],"wp:attachment":[{"href":"https:\/\/rna.ao\/rna.ao\/wp-json\/wp\/v2\/media?parent=21870"}],"wp:term":[{"taxonomy":"category","embeddable":true,"href":"https:\/\/rna.ao\/rna.ao\/wp-json\/wp\/v2\/categories?post=21870"},{"taxonomy":"post_tag","embeddable":true,"href":"https:\/\/rna.ao\/rna.ao\/wp-json\/wp\/v2\/tags?post=21870"}],"curies":[{"name":"wp","href":"https:\/\/api.w.org\/{rel}","templated":true}]}}