{"id":21859,"date":"2021-04-20T18:59:57","date_gmt":"2021-04-20T17:59:57","guid":{"rendered":"https:\/\/rna.ao\/rna.ao\/?p=21859"},"modified":"2021-04-20T19:02:57","modified_gmt":"2021-04-20T18:02:57","slug":"luanda-acolheu-2a-mini-cimeira-sobre-situacao-na-rca","status":"publish","type":"post","link":"https:\/\/rna.ao\/rna.ao\/2021\/04\/20\/luanda-acolheu-2a-mini-cimeira-sobre-situacao-na-rca\/","title":{"rendered":"LUANDA ACOLHEU 2a MINI CIMEIRA SOBRE SITUA\u00c7\u00c3O NA RCA"},"content":{"rendered":"<p><img loading=\"lazy\" class=\"alignnone size-medium wp-image-21861\" src=\"https:\/\/rna.ao\/rna.ao\/wp-content\/uploads\/2021\/04\/0C89C0EE-D76F-4764-9D5C-37C3C6CC106A-770x513.jpeg\" alt=\"\" width=\"770\" height=\"513\" srcset=\"https:\/\/rna.ao\/rna.ao\/wp-content\/uploads\/2021\/04\/0C89C0EE-D76F-4764-9D5C-37C3C6CC106A-770x513.jpeg 770w, https:\/\/rna.ao\/rna.ao\/wp-content\/uploads\/2021\/04\/0C89C0EE-D76F-4764-9D5C-37C3C6CC106A-768x512.jpeg 768w, https:\/\/rna.ao\/rna.ao\/wp-content\/uploads\/2021\/04\/0C89C0EE-D76F-4764-9D5C-37C3C6CC106A.jpeg 960w\" sizes=\"(max-width: 770px) 100vw, 770px\" \/>Quase tr\u00eas meses depois de um primeiro encontro sobre o tema, a CIRGL &#8211; Confer\u00eancia Internacional da Regi\u00e3o dos Grandes Lagos &#8211; reuniu novamente em Luanda esta ter\u00e7a-feira, 21 de Abril, no formato mini cimeira, para abordar a situa\u00e7\u00e3o pol\u00edtica e de seguran\u00e7a na Rep\u00fablica Centro Africana.<\/p>\n<p>A cimeira decorreu \u00e0 porta-fechada e contou com a participa\u00e7\u00e3o dos Chefes de Estado de Angola, Rep\u00fablica Centro Africana, Congo e Ruanda mais delega\u00e7\u00f5es de alto n\u00edvel do Sud\u00e3o, Camar\u00f5es e RDC.<\/p>\n<p>No final da reuni\u00e3o de c\u00fapula, o Presidente Jo\u00e3o Louren\u00e7o -actual Presidente em exerc\u00edcio da CIRGL &#8211; proferiu o discurso que a seguir se transcreve:<\/p>\n<p>&#8221; Fomos todos surpreendidos esta manh\u00e3 com a triste not\u00edcia do passamento f\u00edsico do Marechal Idriss D\u00e9by Itno, Presidente da Rep\u00fablica do Tchad, e por este facto gostar\u00edamos de, em nome dos Estados membros da Confer\u00eancia Internacional da Regi\u00e3o dos Grandes Lagos e da Comunidade Econ\u00f3mica dos Estados da \u00c1frica Central aqui reunidos, prestar 1 minuto de sil\u00eancio em honra ao Presidente Idriss D\u00e9by.<\/p>\n<p>-Sua Excel\u00eancia Denis Sassou Nguesso, Presidente da Rep\u00fablica do Congo e Presidente em exerc\u00edcio da CEEAC;<\/p>\n<p>-Sua Excel\u00eancia Paul Kagame, Presidente da Rep\u00fablica do Ruanda;<\/p>\n<p>-Sua Excel\u00eancia Faustin-Archange Touad\u00e9ra, Presidente da Rep\u00fablica Centro Africana;<\/p>\n<p>-Dignos Representantes dos Chefes de Estado<\/p>\n<p>-Distintos convidados,<\/p>\n<p>-Minhas Senhoras e Meus Senhores,<\/p>\n<p>Gostaria de saudar e agradecer a presen\u00e7a em Luanda de Vossas Excel\u00eancias num espa\u00e7o de tempo de pouco mais de dois meses, o que reflecte claramente o n\u00edvel do nosso compromisso colectivo para definir e implementar os mecanismos que permitir\u00e3o assegurar uma paz duradoura e sustent\u00e1vel na Rep\u00fablica Centro Africana.<\/p>\n<p>Agrade\u00e7o igualmente as valiosas contribui\u00e7\u00f5es dadas por Vossas Excel\u00eancias, no decurso desta Cimeira que estamos prestes a encerrar, pois demonstram que ao propiciar-se ocasi\u00f5es como esta, de di\u00e1logo transparente, franco e aberto, lan\u00e7amos as bases para o restabelecimento de uma paz e estabilidade pol\u00edtica e social, em benef\u00edcio n\u00e3o s\u00f3 da Rep\u00fablica Centro Africana mas tamb\u00e9m da sub-regi\u00e3o dos Grandes Lagos e da \u00c1frica Central, que se quer ver livre de conflitos armados que diluem o nosso tecido social, destroem as infra-estruturas e criam instabilidade pol\u00edtica e econ\u00f3mica no nosso continente.<\/p>\n<p>A mini-Cimeira realizada hoje em Luanda constituiu mais uma oportunidade para reiterarmos, com toda firmeza, que rejeitamos esta realidade de conflito permanente na nossa sub-regi\u00e3o e que, na nossa qualidade de Chefes de Estado, assumimos a miss\u00e3o de defender a Paz, a Seguran\u00e7a e a Estabilidade dos pa\u00edses que a integram.<\/p>\n<p>Excel\u00eancias,<\/p>\n<p>Desde a nossa Cimeira de 29 de Janeiro, a Rep\u00fablica de Angola e a Rep\u00fablica do Tchad multiplicaram dilig\u00eancias no sentido de persuadir os l\u00edderes das fac\u00e7\u00f5es rebeldes a renunciarem \u00e0 luta armada como via para dirimirem diferen\u00e7as, seja de que natureza forem. Foi poss\u00edvel demonstrar-lhes que o recurso \u00e0 guerra n\u00e3o favorece a solu\u00e7\u00e3o genu\u00edna de objectivos pol\u00edticos cujos efeitos v\u00e3o muito para al\u00e9m do fim efectivo do conflito.<\/p>\n<p>Estamos agora perante a possibilidade de se definir um quadro no \u00e2mbito do qual se deve p\u00f4r em ac\u00e7\u00e3o os mecanismos de implementa\u00e7\u00e3o dos entendimentos alcan\u00e7ados com a oposi\u00e7\u00e3o armada, que aceitou abandonar a via da guerra para participar na materializa\u00e7\u00e3o de um processo s\u00e9rio de Desarmamento, Desmobiliza\u00e7\u00e3o, Reinser\u00e7\u00e3o e Reintegra\u00e7\u00e3o.<\/p>\n<p>Acredito que est\u00e3o reunidas, a partir deste momento, as condi\u00e7\u00f5es para se iniciar uma nova fase das ac\u00e7\u00f5es de pacifica\u00e7\u00e3o da Rep\u00fablica Centro Africana, em que o governo leg\u00edtimo liderado pelo Presidente Archange Touad\u00e9ra ter\u00e1 o papel crucial na condu\u00e7\u00e3o de todos os actos que levem \u00e0 concretiza\u00e7\u00e3o efectiva das disposi\u00e7\u00f5es estipuladas no Acordo de Cartum.<\/p>\n<p>Estou convencido que o interesse e o engajamento com que os pa\u00edses da regi\u00e3o se empenharam neste esfor\u00e7o de resolu\u00e7\u00e3o do conflito na Rep\u00fablica Centro Africana n\u00e3o se vai alterar, para que se possa n\u00e3o s\u00f3 funcionar como garante da observ\u00e2ncia dos compromissos assumidos pelas partes, como tamb\u00e9m contribuir com os meios ao alcance de cada um, no sentido de se assegurar a sustentabilidade da paz.<\/p>\n<p>Que fique claro aos olhos do povo da Rep\u00fablica Centro Africana que a \u00fanica motiva\u00e7\u00e3o que est\u00e1 na base de todas as dilig\u00eancias efectuadas at\u00e9 aqui pela presid\u00eancia em exerc\u00edcio da CIRGL e da CEEAC \u00e9 a de contribuir para a resolu\u00e7\u00e3o definitiva do conflito, salvaguardando sempre e sem quaisquer hesita\u00e7\u00f5es, a paz, a estabilidade, o progresso social e o desenvolvimento econ\u00f3mico da Rep\u00fablica Centro Africana.<\/p>\n<p>Excel\u00eancias,<\/p>\n<p>Sem d\u00favidas que foi dado um passo importante mas n\u00e3o o derradeiro, muitos outros passos devem surgir, por isso esta \u00e9 uma oportunidade que as partes n\u00e3o devem desperdi\u00e7ar.<\/p>\n<p>Fazemos um apelo vibrante \u00e0s for\u00e7as rebeldes e \u00e0 oposi\u00e7\u00e3o civil para agirem de boa-f\u00e9, correspondendo ao gesto de boa vontade que o Presidente Touad\u00e9ra continuar\u00e1 a fazer.<\/p>\n<p>\u00c9 importante que doravante todos os actores, tendo \u00e0 cabe\u00e7a o Presidente Archange Touader\u00e1, com o apoio da CIRGL, da CEEAC, da Uni\u00e3o Africana, trabalhem em sintonia no estabelecimento de um roteiro claro, que esteja enquadrado no esp\u00edrito das Resolu\u00e7\u00f5es das Na\u00e7\u00f5es Unidas e garanta o di\u00e1logo e a concerta\u00e7\u00e3o permanentes com os actores pol\u00edticos e a sociedade civil, no intuito de se dinamizar o acordo de Cartum.<\/p>\n<p>A lideran\u00e7a deste processo deve ser assumida pelo pr\u00f3prio pa\u00eds, a Rep\u00fablica Centro Africana; n\u00f3s estaremos a seu lado para lhe dar todo apoio necess\u00e1rio para o sucesso deste desafio, que acreditamos estar cada vez mais pr\u00f3ximo do seu feliz desfecho.<\/p>\n<p>Dilig\u00eancias devem ser feitas junto dos pa\u00edses membros permanentes do Conselho de Seguran\u00e7a das Na\u00e7\u00f5es Unidas, a favor do levantamento definitivo do embargo de armas, que impende ainda sobre a Republica Centro Africana.<\/p>\n<p>Excel\u00eancias,<\/p>\n<p>Que as nossas decis\u00f5es produzam efeitos pr\u00e1ticos, que resultem na melhoria da situa\u00e7\u00e3o actualmente vigente na Rep\u00fablica Centro Africana, almejando uma nova era de paz, estabilidade e de prosperidade para os povos de toda sub-regi\u00e3o.<\/p>\n<p>Muito obrigado pela aten\u00e7\u00e3o!<\/p>\n","protected":false},"excerpt":{"rendered":"<p>Quase tr\u00eas meses depois de um primeiro encontro sobre o tema, a CIRGL &#8211; Confer\u00eancia Internacional da Regi\u00e3o dos Grandes Lagos &#8211; reuniu novamente em Luanda esta ter\u00e7a-feira, 21 de Abril, no formato mini cimeira, para abordar a situa\u00e7\u00e3o pol\u00edtica e de seguran\u00e7a na Rep\u00fablica Centro Africana. A cimeira decorreu ...<\/p>\n","protected":false},"author":8,"featured_media":21860,"comment_status":"closed","ping_status":"closed","sticky":false,"template":"","format":"standard","meta":[],"categories":[142,121,163],"tags":[],"_links":{"self":[{"href":"https:\/\/rna.ao\/rna.ao\/wp-json\/wp\/v2\/posts\/21859"}],"collection":[{"href":"https:\/\/rna.ao\/rna.ao\/wp-json\/wp\/v2\/posts"}],"about":[{"href":"https:\/\/rna.ao\/rna.ao\/wp-json\/wp\/v2\/types\/post"}],"author":[{"embeddable":true,"href":"https:\/\/rna.ao\/rna.ao\/wp-json\/wp\/v2\/users\/8"}],"replies":[{"embeddable":true,"href":"https:\/\/rna.ao\/rna.ao\/wp-json\/wp\/v2\/comments?post=21859"}],"version-history":[{"count":3,"href":"https:\/\/rna.ao\/rna.ao\/wp-json\/wp\/v2\/posts\/21859\/revisions"}],"predecessor-version":[{"id":21864,"href":"https:\/\/rna.ao\/rna.ao\/wp-json\/wp\/v2\/posts\/21859\/revisions\/21864"}],"wp:featuredmedia":[{"embeddable":true,"href":"https:\/\/rna.ao\/rna.ao\/wp-json\/wp\/v2\/media\/21860"}],"wp:attachment":[{"href":"https:\/\/rna.ao\/rna.ao\/wp-json\/wp\/v2\/media?parent=21859"}],"wp:term":[{"taxonomy":"category","embeddable":true,"href":"https:\/\/rna.ao\/rna.ao\/wp-json\/wp\/v2\/categories?post=21859"},{"taxonomy":"post_tag","embeddable":true,"href":"https:\/\/rna.ao\/rna.ao\/wp-json\/wp\/v2\/tags?post=21859"}],"curies":[{"name":"wp","href":"https:\/\/api.w.org\/{rel}","templated":true}]}}