{"id":21841,"date":"2021-04-20T14:53:31","date_gmt":"2021-04-20T13:53:31","guid":{"rendered":"https:\/\/rna.ao\/rna.ao\/?p=21841"},"modified":"2021-04-20T15:09:30","modified_gmt":"2021-04-20T14:09:30","slug":"ine-da-inicio-ao-processo-de-recolha-de-dados-financeiros-as-empresas-agro-pecuarias-e-pescas","status":"publish","type":"post","link":"https:\/\/rna.ao\/rna.ao\/2021\/04\/20\/ine-da-inicio-ao-processo-de-recolha-de-dados-financeiros-as-empresas-agro-pecuarias-e-pescas\/","title":{"rendered":"INE d\u00e1 in\u00edcio ao processo de recolha de dados financeiros \u00e0s empresas agro-pecu\u00e1rias e pescas"},"content":{"rendered":"<p><img loading=\"lazy\" class=\"size-full wp-image-21848 alignleft\" src=\"https:\/\/rna.ao\/rna.ao\/wp-content\/uploads\/2021\/04\/Instituto-Nacional-de-Estatistica-INE.jpg\" alt=\"\" width=\"288\" height=\"181\" \/>Come\u00e7ou esta ter\u00e7a-feira, 20 de Abril, em todo o pa\u00eds, a terceira fase de recolha de dados financeiros \u00e0s empresas ligadas ao sector agro-pecu\u00e1rio e pescas.<\/p>\n<p>Para este recenseamento est\u00e3o envolvidas cerca de cento e quarenta t\u00e9cnicos, do Instituto Nacional de Estat\u00edstica (INE).<\/p>\n<p>O director t\u00e9cnico do projecto, Ad\u00e3o Fernandes, afirma que, atrav\u00e9s do REMP, os cidad\u00e3os v\u00e3o obter informa\u00e7\u00f5es privilegiadas sobre oportunidades de emprego e neg\u00f3cios, dispon\u00edveis pelas empresas. Clique no \u00e1udio e ou\u00e7a:<\/p>\n\t<div class=\"qtmplayer-playlist-large\">\n\t\t<ul class=\"qtmplayer-playlist\">\n\t\t\t\n\t\t\t\t\t<li class=\"qtmplayer-trackitem\">\n\t\t<img src=\"https:\/\/rna.ao\/rna.ao\/wp-content\/uploads\/2021\/04\/Instituto-Nacional-de-Estatistica-INE-100x100.jpg\" alt=\"cover\">\t\t<span \t\t\tdata-qtmplayer-cover=\"https:\/\/rna.ao\/rna.ao\/wp-content\/uploads\/2021\/04\/Instituto-Nacional-de-Estatistica-INE.jpg\"\n\t\t\t\t\t\tdata-qtmplayer-file=\"https:\/\/rna.ao\/rna.ao\/wp-content\/uploads\/2021\/04\/ADAO-FERNANDES-20-04.mp3\"\n\t\t\t\t\t\tdata-qtmplayer-title=\"INE d\u00e1 in\u00edcio ao processo de recolha de dados financeiros \u00e0s empresas agro-pecu\u00e1rias e pescas\"\n\t\t\t\t\t\tdata-qtmplayer-artist=\"RNA\"\n\t\t\t\t\t\tdata-qtmplayer-link=\"https:\/\/rna.ao\/rna.ao\/2021\/04\/20\/ine-da-inicio-ao-processo-de-recolha-de-dados-financeiros-as-empresas-agro-pecuarias-e-pescas\/\"\n\t\t\t\t\t\tdata-qtmplayer-icon=\"file_download\"\n\t\t\t\t\t\tdata-qtmplayer-type=\"track\"\n\t\t\t class=\"qtmplayer-play qtmplayer-link-sec qtmplayer-play-btn\"><i class='material-icons'>play_arrow<\/i><\/span>\n\t\t<p>\n\t\t\t<span class=\"qtmplayer-tit\">INE d\u00e1 in\u00edcio ao processo de recolha de dados financeiros \u00e0s empresas agro-pecu\u00e1rias e pescas<\/span>\n\t\t\t<span class=\"qtmplayer-art\">RNA<\/span>\n\t\t<\/p>\n\t<\/li>\n\t\t<\/ul>\n\t<\/div>\t\t\t\n\t\n<p>Por sua vez, a directora-geral do Instituto Nacional de Estat\u00edstica, Chaney Rosa John, garante que, para o sucesso deste projecto, est\u00e3o engajadas todas as for\u00e7as, para a concretiza\u00e7\u00e3o do impacto transversal aos diferentes sectores da economia. Clique no \u00e1udio e ou\u00e7a:<\/p>\n\t<div class=\"qtmplayer-playlist-large\">\n\t\t<ul class=\"qtmplayer-playlist\">\n\t\t\t\n\t\t\t\t\t<li class=\"qtmplayer-trackitem\">\n\t\t<img src=\"https:\/\/rna.ao\/rna.ao\/wp-content\/uploads\/2021\/04\/Instituto-Nacional-de-Estatistica-INE-100x100.jpg\" alt=\"cover\">\t\t<span \t\t\tdata-qtmplayer-cover=\"https:\/\/rna.ao\/rna.ao\/wp-content\/uploads\/2021\/04\/Instituto-Nacional-de-Estatistica-INE.jpg\"\n\t\t\t\t\t\tdata-qtmplayer-file=\"https:\/\/rna.ao\/rna.ao\/wp-content\/uploads\/2021\/04\/CHANEI-ROSA-20-04.mp3\"\n\t\t\t\t\t\tdata-qtmplayer-title=\"INE d\u00e1 in\u00edcio ao processo de recolha de dados financeiros \u00e0s empresas agro-pecu\u00e1rias e pescas\"\n\t\t\t\t\t\tdata-qtmplayer-artist=\"RNA\"\n\t\t\t\t\t\tdata-qtmplayer-link=\"https:\/\/rna.ao\/rna.ao\/2021\/04\/20\/ine-da-inicio-ao-processo-de-recolha-de-dados-financeiros-as-empresas-agro-pecuarias-e-pescas\/\"\n\t\t\t\t\t\tdata-qtmplayer-icon=\"file_download\"\n\t\t\t\t\t\tdata-qtmplayer-type=\"track\"\n\t\t\t class=\"qtmplayer-play qtmplayer-link-sec qtmplayer-play-btn\"><i class='material-icons'>play_arrow<\/i><\/span>\n\t\t<p>\n\t\t\t<span class=\"qtmplayer-tit\">INE d\u00e1 in\u00edcio ao processo de recolha de dados financeiros \u00e0s empresas agro-pecu\u00e1rias e pescas<\/span>\n\t\t\t<span class=\"qtmplayer-art\">RNA<\/span>\n\t\t<\/p>\n\t<\/li>\n\t\t<\/ul>\n\t<\/div>\t\t\t\n\t\n<p>Fonte: RNA<\/p>\n","protected":false},"excerpt":{"rendered":"<p>Come\u00e7ou esta ter\u00e7a-feira, 20 de Abril, em todo o pa\u00eds, a terceira fase de recolha de dados financeiros \u00e0s empresas ligadas ao sector agro-pecu\u00e1rio e pescas. Para este recenseamento est\u00e3o envolvidas cerca de cento e quarenta t\u00e9cnicos, do Instituto Nacional de Estat\u00edstica (INE). O director t\u00e9cnico do projecto, Ad\u00e3o Fernandes, ...<\/p>\n","protected":false},"author":8,"featured_media":21848,"comment_status":"closed","ping_status":"closed","sticky":false,"template":"","format":"standard","meta":[],"categories":[142,121,163],"tags":[],"_links":{"self":[{"href":"https:\/\/rna.ao\/rna.ao\/wp-json\/wp\/v2\/posts\/21841"}],"collection":[{"href":"https:\/\/rna.ao\/rna.ao\/wp-json\/wp\/v2\/posts"}],"about":[{"href":"https:\/\/rna.ao\/rna.ao\/wp-json\/wp\/v2\/types\/post"}],"author":[{"embeddable":true,"href":"https:\/\/rna.ao\/rna.ao\/wp-json\/wp\/v2\/users\/8"}],"replies":[{"embeddable":true,"href":"https:\/\/rna.ao\/rna.ao\/wp-json\/wp\/v2\/comments?post=21841"}],"version-history":[{"count":2,"href":"https:\/\/rna.ao\/rna.ao\/wp-json\/wp\/v2\/posts\/21841\/revisions"}],"predecessor-version":[{"id":21855,"href":"https:\/\/rna.ao\/rna.ao\/wp-json\/wp\/v2\/posts\/21841\/revisions\/21855"}],"wp:featuredmedia":[{"embeddable":true,"href":"https:\/\/rna.ao\/rna.ao\/wp-json\/wp\/v2\/media\/21848"}],"wp:attachment":[{"href":"https:\/\/rna.ao\/rna.ao\/wp-json\/wp\/v2\/media?parent=21841"}],"wp:term":[{"taxonomy":"category","embeddable":true,"href":"https:\/\/rna.ao\/rna.ao\/wp-json\/wp\/v2\/categories?post=21841"},{"taxonomy":"post_tag","embeddable":true,"href":"https:\/\/rna.ao\/rna.ao\/wp-json\/wp\/v2\/tags?post=21841"}],"curies":[{"name":"wp","href":"https:\/\/api.w.org\/{rel}","templated":true}]}}