{"id":21803,"date":"2021-04-20T06:43:48","date_gmt":"2021-04-20T05:43:48","guid":{"rendered":"https:\/\/rna.ao\/rna.ao\/?p=21803"},"modified":"2021-04-20T06:43:48","modified_gmt":"2021-04-20T05:43:48","slug":"chefes-de-estado-da-regiao-dos-grandes-lagos-discutem-em-luanda-situacao-politica-e-de-seguranca-na-rdc","status":"publish","type":"post","link":"https:\/\/rna.ao\/rna.ao\/2021\/04\/20\/chefes-de-estado-da-regiao-dos-grandes-lagos-discutem-em-luanda-situacao-politica-e-de-seguranca-na-rdc\/","title":{"rendered":"Chefes de Estado da Regi\u00e3o dos Grandes Lagos discutem em Luanda situa\u00e7\u00e3o pol\u00edtica e de seguran\u00e7a na RDC"},"content":{"rendered":"<p><img loading=\"lazy\" class=\"size-full wp-image-10962 alignleft\" src=\"https:\/\/rna.ao\/rna.ao\/wp-content\/uploads\/2020\/11\/Bandeiras-CIRGL.jpg\" alt=\"\" width=\"308\" height=\"206\" \/>A capital da Rep\u00fablica de Angola, Luanda, acolhe esta ter\u00e7a-feira, 20 de Abril, uma minicimeira, da Confer\u00eancia Internacional da Regi\u00e3o dos Grandes Lagos (CIRGL), dedicada \u00e0 situa\u00e7\u00e3o pol\u00edtica e de seguran\u00e7a na Rep\u00fablica Centro Africana (RCA).<\/p>\n<p>Convocada pelo Chefe de Estado angolano, Jo\u00e3o Louren\u00e7o, na qualidade de Presidente em exerc\u00edcio da organiza\u00e7\u00e3o, a reuni\u00e3o trar\u00e1 \u00e0 Luanda o Presidente da RCA, Faustin Touader\u00e1, o Presidente do Rwanda Paul Kagame, o Presidente do Congo Dennis Sassou Nguesso, e o Presidente do Conselho Soberano de Transi\u00e7\u00e3o da Rep\u00fablica do Sud\u00e3o Abdul Fatah Al-Burhan.<\/p>\n<p>V\u00e3o, igualmente, participar desta minicimeira de Luanda delega\u00e7\u00f5es de alto n\u00edvel, em representa\u00e7\u00e3o do Tchade, Camar\u00f5es e da Rep\u00fablica Democr\u00e1tica do Congo.<\/p>\n<p>O analista para os assuntos africanos, Matias Pires, defende ser importante a inclus\u00e3o dos Camar\u00f5es, na resolu\u00e7\u00e3o do conflito na RCA. Clique no \u00e1udio e ou\u00e7a:<\/p>\n\t<div class=\"qtmplayer-playlist-large\">\n\t\t<ul class=\"qtmplayer-playlist\">\n\t\t\t\n\t\t\t\t\t<li class=\"qtmplayer-trackitem\">\n\t\t<img src=\"https:\/\/rna.ao\/rna.ao\/wp-content\/uploads\/2020\/11\/Bandeiras-CIRGL-100x100.jpg\" alt=\"cover\">\t\t<span \t\t\tdata-qtmplayer-cover=\"https:\/\/rna.ao\/rna.ao\/wp-content\/uploads\/2020\/11\/Bandeiras-CIRGL.jpg\"\n\t\t\t\t\t\tdata-qtmplayer-file=\"https:\/\/rna.ao\/rna.ao\/wp-content\/uploads\/2021\/04\/MARTINS-PIRES-20-04.mp3\"\n\t\t\t\t\t\tdata-qtmplayer-title=\"Chefes de Estado da Regi\u00e3o dos Grandes Lagos discutem em Luanda situa\u00e7\u00e3o pol\u00edtica e de seguran\u00e7a na RDC\"\n\t\t\t\t\t\tdata-qtmplayer-artist=\"RNA\"\n\t\t\t\t\t\tdata-qtmplayer-link=\"https:\/\/rna.ao\/rna.ao\/2021\/04\/20\/chefes-de-estado-da-regiao-dos-grandes-lagos-discutem-em-luanda-situacao-politica-e-de-seguranca-na-rdc\/\"\n\t\t\t\t\t\tdata-qtmplayer-icon=\"file_download\"\n\t\t\t\t\t\tdata-qtmplayer-type=\"track\"\n\t\t\t class=\"qtmplayer-play qtmplayer-link-sec qtmplayer-play-btn\"><i class='material-icons'>play_arrow<\/i><\/span>\n\t\t<p>\n\t\t\t<span class=\"qtmplayer-tit\">Chefes de Estado da Regi\u00e3o dos Grandes Lagos discutem em Luanda situa\u00e7\u00e3o pol\u00edtica e de seguran\u00e7a na RDC<\/span>\n\t\t\t<span class=\"qtmplayer-art\">RNA<\/span>\n\t\t<\/p>\n\t<\/li>\n\t\t<\/ul>\n\t<\/div>\t\t\t\n\t\n<p>Fonte: RNA<\/p>\n","protected":false},"excerpt":{"rendered":"<p>A capital da Rep\u00fablica de Angola, Luanda, acolhe esta ter\u00e7a-feira, 20 de Abril, uma minicimeira, da Confer\u00eancia Internacional da Regi\u00e3o dos Grandes Lagos (CIRGL), dedicada \u00e0 situa\u00e7\u00e3o pol\u00edtica e de seguran\u00e7a na Rep\u00fablica Centro Africana (RCA). Convocada pelo Chefe de Estado angolano, Jo\u00e3o Louren\u00e7o, na qualidade de Presidente em exerc\u00edcio ...<\/p>\n","protected":false},"author":8,"featured_media":10962,"comment_status":"closed","ping_status":"closed","sticky":false,"template":"","format":"standard","meta":[],"categories":[142,121,163],"tags":[],"_links":{"self":[{"href":"https:\/\/rna.ao\/rna.ao\/wp-json\/wp\/v2\/posts\/21803"}],"collection":[{"href":"https:\/\/rna.ao\/rna.ao\/wp-json\/wp\/v2\/posts"}],"about":[{"href":"https:\/\/rna.ao\/rna.ao\/wp-json\/wp\/v2\/types\/post"}],"author":[{"embeddable":true,"href":"https:\/\/rna.ao\/rna.ao\/wp-json\/wp\/v2\/users\/8"}],"replies":[{"embeddable":true,"href":"https:\/\/rna.ao\/rna.ao\/wp-json\/wp\/v2\/comments?post=21803"}],"version-history":[{"count":2,"href":"https:\/\/rna.ao\/rna.ao\/wp-json\/wp\/v2\/posts\/21803\/revisions"}],"predecessor-version":[{"id":21806,"href":"https:\/\/rna.ao\/rna.ao\/wp-json\/wp\/v2\/posts\/21803\/revisions\/21806"}],"wp:featuredmedia":[{"embeddable":true,"href":"https:\/\/rna.ao\/rna.ao\/wp-json\/wp\/v2\/media\/10962"}],"wp:attachment":[{"href":"https:\/\/rna.ao\/rna.ao\/wp-json\/wp\/v2\/media?parent=21803"}],"wp:term":[{"taxonomy":"category","embeddable":true,"href":"https:\/\/rna.ao\/rna.ao\/wp-json\/wp\/v2\/categories?post=21803"},{"taxonomy":"post_tag","embeddable":true,"href":"https:\/\/rna.ao\/rna.ao\/wp-json\/wp\/v2\/tags?post=21803"}],"curies":[{"name":"wp","href":"https:\/\/api.w.org\/{rel}","templated":true}]}}