{"id":21780,"date":"2021-04-19T19:42:43","date_gmt":"2021-04-19T18:42:43","guid":{"rendered":"https:\/\/rna.ao\/rna.ao\/?p=21780"},"modified":"2021-04-19T19:52:11","modified_gmt":"2021-04-19T18:52:11","slug":"subiu-para-14-o-numeros-de-mortos-como-resultado-da-chuva-que-durou-sete-horas-na-capital-do-pais","status":"publish","type":"post","link":"https:\/\/rna.ao\/rna.ao\/2021\/04\/19\/subiu-para-14-o-numeros-de-mortos-como-resultado-da-chuva-que-durou-sete-horas-na-capital-do-pais\/","title":{"rendered":"Actualiza\u00e7\u00e3o: 14 mortos em sete horas de chuva em Luanda"},"content":{"rendered":"<p><img loading=\"lazy\" class=\"size-full wp-image-21781 alignleft\" src=\"https:\/\/rna.ao\/rna.ao\/wp-content\/uploads\/2021\/04\/Foto-Chuva-Veloso.jpg\" alt=\"\" width=\"275\" height=\"206\" \/>Mais 14 pessoas morreram na sequ\u00eancia da forte chuva que se abateu sobre a cidade de Luanda a partir da madrugada desta segunda-feira. A chuva durou quase sete horas e as v\u00edtimas mortais resultaram de electrocu\u00e7\u00e3o, desabamento de casas e muros enquanto outras foram arrastadas pela corrente da \u00e1gua. Clique no \u00e1udio, abaixo, e ou\u00e7a toda informa\u00e7\u00e3o actualizada com o jornalista Gabriel Veloso:<\/p>\n\t<div class=\"qtmplayer-playlist-large\">\n\t\t<ul class=\"qtmplayer-playlist\">\n\t\t\t\n\t\t\t\t\t<li class=\"qtmplayer-trackitem\">\n\t\t<img src=\"https:\/\/rna.ao\/rna.ao\/wp-content\/uploads\/2021\/04\/Foto-Chuva-Veloso-100x100.jpg\" alt=\"cover\">\t\t<span \t\t\tdata-qtmplayer-cover=\"https:\/\/rna.ao\/rna.ao\/wp-content\/uploads\/2021\/04\/Foto-Chuva-Veloso.jpg\"\n\t\t\t\t\t\tdata-qtmplayer-file=\"https:\/\/rna.ao\/rna.ao\/wp-content\/uploads\/2021\/04\/GABRIEL-VELOSO-20HRS.mp3\"\n\t\t\t\t\t\tdata-qtmplayer-title=\"Actualiza\u00e7\u00e3o: 14 mortos em sete horas de chuva em Luanda\"\n\t\t\t\t\t\tdata-qtmplayer-artist=\"RNA\"\n\t\t\t\t\t\tdata-qtmplayer-link=\"https:\/\/rna.ao\/rna.ao\/2021\/04\/19\/subiu-para-14-o-numeros-de-mortos-como-resultado-da-chuva-que-durou-sete-horas-na-capital-do-pais\/\"\n\t\t\t\t\t\tdata-qtmplayer-icon=\"file_download\"\n\t\t\t\t\t\tdata-qtmplayer-type=\"track\"\n\t\t\t class=\"qtmplayer-play qtmplayer-link-sec qtmplayer-play-btn\"><i class='material-icons'>play_arrow<\/i><\/span>\n\t\t<p>\n\t\t\t<span class=\"qtmplayer-tit\">Actualiza\u00e7\u00e3o: 14 mortos em sete horas de chuva em Luanda<\/span>\n\t\t\t<span class=\"qtmplayer-art\">RNA<\/span>\n\t\t<\/p>\n\t<\/li>\n\t\t<\/ul>\n\t<\/div>\t\t\t\n\t\n<p>Fonte: RNA<\/p>\n","protected":false},"excerpt":{"rendered":"<p>Mais 14 pessoas morreram na sequ\u00eancia da forte chuva que se abateu sobre a cidade de Luanda a partir da madrugada desta segunda-feira. A chuva durou quase sete horas e as v\u00edtimas mortais resultaram de electrocu\u00e7\u00e3o, desabamento de casas e muros enquanto outras foram arrastadas pela corrente da \u00e1gua. Clique ...<\/p>\n","protected":false},"author":8,"featured_media":21781,"comment_status":"closed","ping_status":"closed","sticky":false,"template":"","format":"standard","meta":[],"categories":[141,133,163],"tags":[],"_links":{"self":[{"href":"https:\/\/rna.ao\/rna.ao\/wp-json\/wp\/v2\/posts\/21780"}],"collection":[{"href":"https:\/\/rna.ao\/rna.ao\/wp-json\/wp\/v2\/posts"}],"about":[{"href":"https:\/\/rna.ao\/rna.ao\/wp-json\/wp\/v2\/types\/post"}],"author":[{"embeddable":true,"href":"https:\/\/rna.ao\/rna.ao\/wp-json\/wp\/v2\/users\/8"}],"replies":[{"embeddable":true,"href":"https:\/\/rna.ao\/rna.ao\/wp-json\/wp\/v2\/comments?post=21780"}],"version-history":[{"count":6,"href":"https:\/\/rna.ao\/rna.ao\/wp-json\/wp\/v2\/posts\/21780\/revisions"}],"predecessor-version":[{"id":21788,"href":"https:\/\/rna.ao\/rna.ao\/wp-json\/wp\/v2\/posts\/21780\/revisions\/21788"}],"wp:featuredmedia":[{"embeddable":true,"href":"https:\/\/rna.ao\/rna.ao\/wp-json\/wp\/v2\/media\/21781"}],"wp:attachment":[{"href":"https:\/\/rna.ao\/rna.ao\/wp-json\/wp\/v2\/media?parent=21780"}],"wp:term":[{"taxonomy":"category","embeddable":true,"href":"https:\/\/rna.ao\/rna.ao\/wp-json\/wp\/v2\/categories?post=21780"},{"taxonomy":"post_tag","embeddable":true,"href":"https:\/\/rna.ao\/rna.ao\/wp-json\/wp\/v2\/tags?post=21780"}],"curies":[{"name":"wp","href":"https:\/\/api.w.org\/{rel}","templated":true}]}}