{"id":21756,"date":"2021-04-19T14:27:08","date_gmt":"2021-04-19T13:27:08","guid":{"rendered":"https:\/\/rna.ao\/rna.ao\/?p=21756"},"modified":"2021-04-19T15:16:13","modified_gmt":"2021-04-19T14:16:13","slug":"na-semana-do-provedor-instituicao-revela-preocupacao-com-praticas-que-lesam-direitos-fundamentais-do-cidadao","status":"publish","type":"post","link":"https:\/\/rna.ao\/rna.ao\/2021\/04\/19\/na-semana-do-provedor-instituicao-revela-preocupacao-com-praticas-que-lesam-direitos-fundamentais-do-cidadao\/","title":{"rendered":"Na semana do Provedor, institui\u00e7\u00e3o revela preocupa\u00e7\u00e3o com pr\u00e1ticas que lesam direitos fundamentais do cidad\u00e3o"},"content":{"rendered":"<p><img loading=\"lazy\" class=\"size-full wp-image-21758 alignleft\" src=\"https:\/\/rna.ao\/rna.ao\/wp-content\/uploads\/2021\/04\/Florisbela-Araujo.jpg\" alt=\"\" width=\"259\" height=\"207\" \/>A Provedoria da Justi\u00e7a de Angola est\u00e1 preocupada, com as pr\u00e1ticas que lesam os direitos fundamentais, e a liberdade dos cidad\u00e3os, no pa\u00eds.<\/p>\n<p>A provedora-Adjunta da Justi\u00e7a, Florbela Ara\u00fajo, disse esta segunda-feira, 19 de Abril, no acto de abertura da semana do Provedor da Justi\u00e7a, em Luanda, que s\u00e3o v\u00e1rias as queixas que chegam aos guich\u00e9s da institui\u00e7\u00e3o.<\/p>\n<p>Florbela Ara\u00fajo enaltece os feitos do Executivo angolano, para minimizar alguns problemas, principalmente no dom\u00ednio da sa\u00fade. Clique no \u00e1udio e ou\u00e7a:<\/p>\n\t<div class=\"qtmplayer-playlist-large\">\n\t\t<ul class=\"qtmplayer-playlist\">\n\t\t\t\n\t\t\t\t\t<li class=\"qtmplayer-trackitem\">\n\t\t<img src=\"https:\/\/rna.ao\/rna.ao\/wp-content\/uploads\/2021\/04\/Florisbela-Araujo-100x100.jpg\" alt=\"cover\">\t\t<span \t\t\tdata-qtmplayer-cover=\"https:\/\/rna.ao\/rna.ao\/wp-content\/uploads\/2021\/04\/Florisbela-Araujo.jpg\"\n\t\t\t\t\t\tdata-qtmplayer-file=\"https:\/\/rna.ao\/rna.ao\/wp-content\/uploads\/2021\/04\/FLORISBELA-ARAUJO-19.mp3\"\n\t\t\t\t\t\tdata-qtmplayer-title=\"Na semana do Provedor, institui\u00e7\u00e3o revela preocupa\u00e7\u00e3o com pr\u00e1ticas que lesam direitos fundamentais do cidad\u00e3o\"\n\t\t\t\t\t\tdata-qtmplayer-artist=\"RNA\"\n\t\t\t\t\t\tdata-qtmplayer-link=\"https:\/\/rna.ao\/rna.ao\/2021\/04\/19\/na-semana-do-provedor-instituicao-revela-preocupacao-com-praticas-que-lesam-direitos-fundamentais-do-cidadao\/\"\n\t\t\t\t\t\tdata-qtmplayer-icon=\"file_download\"\n\t\t\t\t\t\tdata-qtmplayer-type=\"track\"\n\t\t\t class=\"qtmplayer-play qtmplayer-link-sec qtmplayer-play-btn\"><i class='material-icons'>play_arrow<\/i><\/span>\n\t\t<p>\n\t\t\t<span class=\"qtmplayer-tit\">Na semana do Provedor, institui\u00e7\u00e3o revela preocupa\u00e7\u00e3o com pr\u00e1ticas que lesam direitos fundamentais do cidad\u00e3o<\/span>\n\t\t\t<span class=\"qtmplayer-art\">RNA<\/span>\n\t\t<\/p>\n\t<\/li>\n\t\t<\/ul>\n\t<\/div>\t\t\t\n\t\n<p>Fonte: RNA<\/p>\n","protected":false},"excerpt":{"rendered":"<p>A Provedoria da Justi\u00e7a de Angola est\u00e1 preocupada, com as pr\u00e1ticas que lesam os direitos fundamentais, e a liberdade dos cidad\u00e3os, no pa\u00eds. A provedora-Adjunta da Justi\u00e7a, Florbela Ara\u00fajo, disse esta segunda-feira, 19 de Abril, no acto de abertura da semana do Provedor da Justi\u00e7a, em Luanda, que s\u00e3o v\u00e1rias ...<\/p>\n","protected":false},"author":8,"featured_media":21758,"comment_status":"closed","ping_status":"closed","sticky":false,"template":"","format":"standard","meta":[],"categories":[142,121,163],"tags":[],"_links":{"self":[{"href":"https:\/\/rna.ao\/rna.ao\/wp-json\/wp\/v2\/posts\/21756"}],"collection":[{"href":"https:\/\/rna.ao\/rna.ao\/wp-json\/wp\/v2\/posts"}],"about":[{"href":"https:\/\/rna.ao\/rna.ao\/wp-json\/wp\/v2\/types\/post"}],"author":[{"embeddable":true,"href":"https:\/\/rna.ao\/rna.ao\/wp-json\/wp\/v2\/users\/8"}],"replies":[{"embeddable":true,"href":"https:\/\/rna.ao\/rna.ao\/wp-json\/wp\/v2\/comments?post=21756"}],"version-history":[{"count":3,"href":"https:\/\/rna.ao\/rna.ao\/wp-json\/wp\/v2\/posts\/21756\/revisions"}],"predecessor-version":[{"id":21771,"href":"https:\/\/rna.ao\/rna.ao\/wp-json\/wp\/v2\/posts\/21756\/revisions\/21771"}],"wp:featuredmedia":[{"embeddable":true,"href":"https:\/\/rna.ao\/rna.ao\/wp-json\/wp\/v2\/media\/21758"}],"wp:attachment":[{"href":"https:\/\/rna.ao\/rna.ao\/wp-json\/wp\/v2\/media?parent=21756"}],"wp:term":[{"taxonomy":"category","embeddable":true,"href":"https:\/\/rna.ao\/rna.ao\/wp-json\/wp\/v2\/categories?post=21756"},{"taxonomy":"post_tag","embeddable":true,"href":"https:\/\/rna.ao\/rna.ao\/wp-json\/wp\/v2\/tags?post=21756"}],"curies":[{"name":"wp","href":"https:\/\/api.w.org\/{rel}","templated":true}]}}