{"id":21753,"date":"2021-04-19T14:16:30","date_gmt":"2021-04-19T13:16:30","guid":{"rendered":"https:\/\/rna.ao\/rna.ao\/?p=21753"},"modified":"2021-04-19T14:16:30","modified_gmt":"2021-04-19T13:16:30","slug":"revisao-pontual-da-constituicao-da-republica-sociedade-civil-propoe-responsabilizacao-de-instituicoes-publicas","status":"publish","type":"post","link":"https:\/\/rna.ao\/rna.ao\/2021\/04\/19\/revisao-pontual-da-constituicao-da-republica-sociedade-civil-propoe-responsabilizacao-de-instituicoes-publicas\/","title":{"rendered":"Revis\u00e3o Pontual da Constitui\u00e7\u00e3o da Rep\u00fablica: Sociedade civil prop\u00f5e responsabiliza\u00e7\u00e3o de institui\u00e7\u00f5es p\u00fablicas"},"content":{"rendered":"<p><img loading=\"lazy\" class=\"size-full wp-image-21318 alignleft\" src=\"https:\/\/rna.ao\/rna.ao\/wp-content\/uploads\/2021\/04\/Assembleia-Nacional-2.jpg\" alt=\"\" width=\"300\" height=\"200\" \/>Membros da Sociedade Civil e Cidadania prop\u00f5em que seja consagrada, na Constitui\u00e7\u00e3o da Rep\u00fablica de Angola, a responsabiliza\u00e7\u00e3o dos actos das institui\u00e7\u00f5es p\u00fablicas a todos os n\u00edveis.<\/p>\n<p>No pen\u00faltimo dia do processo de ausculta\u00e7\u00e3o, levado a cabo pela Assembleia Nacional, a ADRA prop\u00f5e, como sugest\u00e3o, a promo\u00e7\u00e3o de iniciativas econ\u00f3micas, com destaque para as cooperativas. Clique no \u00e1udio, abaixo, e ou\u00e7a com mais detalhes na reportagem do Ant\u00f3nio Chocolate:<\/p>\n\t<div class=\"qtmplayer-playlist-large\">\n\t\t<ul class=\"qtmplayer-playlist\">\n\t\t\t\n\t\t\t\t\t<li class=\"qtmplayer-trackitem\">\n\t\t<img src=\"https:\/\/rna.ao\/rna.ao\/wp-content\/uploads\/2021\/04\/Assembleia-Nacional-2-100x100.jpg\" alt=\"cover\">\t\t<span \t\t\tdata-qtmplayer-cover=\"https:\/\/rna.ao\/rna.ao\/wp-content\/uploads\/2021\/04\/Assembleia-Nacional-2.jpg\"\n\t\t\t\t\t\tdata-qtmplayer-file=\"https:\/\/rna.ao\/rna.ao\/wp-content\/uploads\/2021\/04\/ANTONIO-CHOCOLATE-19.mp3\"\n\t\t\t\t\t\tdata-qtmplayer-title=\"Revis\u00e3o Pontual da Constitui\u00e7\u00e3o da Rep\u00fablica: Sociedade civil prop\u00f5e responsabiliza\u00e7\u00e3o de institui\u00e7\u00f5es p\u00fablicas\"\n\t\t\t\t\t\tdata-qtmplayer-artist=\"RNA\"\n\t\t\t\t\t\tdata-qtmplayer-link=\"https:\/\/rna.ao\/rna.ao\/2021\/04\/19\/revisao-pontual-da-constituicao-da-republica-sociedade-civil-propoe-responsabilizacao-de-instituicoes-publicas\/\"\n\t\t\t\t\t\tdata-qtmplayer-icon=\"file_download\"\n\t\t\t\t\t\tdata-qtmplayer-type=\"track\"\n\t\t\t class=\"qtmplayer-play qtmplayer-link-sec qtmplayer-play-btn\"><i class='material-icons'>play_arrow<\/i><\/span>\n\t\t<p>\n\t\t\t<span class=\"qtmplayer-tit\">Revis\u00e3o Pontual da Constitui\u00e7\u00e3o da Rep\u00fablica: Sociedade civil prop\u00f5e responsabiliza\u00e7\u00e3o de institui\u00e7\u00f5es p\u00fablicas<\/span>\n\t\t\t<span class=\"qtmplayer-art\">RNA<\/span>\n\t\t<\/p>\n\t<\/li>\n\t\t<\/ul>\n\t<\/div>\t\t\t\n\t\n<p>Fonte: RNA<\/p>\n","protected":false},"excerpt":{"rendered":"<p>Membros da Sociedade Civil e Cidadania prop\u00f5em que seja consagrada, na Constitui\u00e7\u00e3o da Rep\u00fablica de Angola, a responsabiliza\u00e7\u00e3o dos actos das institui\u00e7\u00f5es p\u00fablicas a todos os n\u00edveis. No pen\u00faltimo dia do processo de ausculta\u00e7\u00e3o, levado a cabo pela Assembleia Nacional, a ADRA prop\u00f5e, como sugest\u00e3o, a promo\u00e7\u00e3o de iniciativas econ\u00f3micas, ...<\/p>\n","protected":false},"author":8,"featured_media":21318,"comment_status":"closed","ping_status":"closed","sticky":false,"template":"","format":"standard","meta":[],"categories":[142,121,163],"tags":[],"_links":{"self":[{"href":"https:\/\/rna.ao\/rna.ao\/wp-json\/wp\/v2\/posts\/21753"}],"collection":[{"href":"https:\/\/rna.ao\/rna.ao\/wp-json\/wp\/v2\/posts"}],"about":[{"href":"https:\/\/rna.ao\/rna.ao\/wp-json\/wp\/v2\/types\/post"}],"author":[{"embeddable":true,"href":"https:\/\/rna.ao\/rna.ao\/wp-json\/wp\/v2\/users\/8"}],"replies":[{"embeddable":true,"href":"https:\/\/rna.ao\/rna.ao\/wp-json\/wp\/v2\/comments?post=21753"}],"version-history":[{"count":1,"href":"https:\/\/rna.ao\/rna.ao\/wp-json\/wp\/v2\/posts\/21753\/revisions"}],"predecessor-version":[{"id":21755,"href":"https:\/\/rna.ao\/rna.ao\/wp-json\/wp\/v2\/posts\/21753\/revisions\/21755"}],"wp:featuredmedia":[{"embeddable":true,"href":"https:\/\/rna.ao\/rna.ao\/wp-json\/wp\/v2\/media\/21318"}],"wp:attachment":[{"href":"https:\/\/rna.ao\/rna.ao\/wp-json\/wp\/v2\/media?parent=21753"}],"wp:term":[{"taxonomy":"category","embeddable":true,"href":"https:\/\/rna.ao\/rna.ao\/wp-json\/wp\/v2\/categories?post=21753"},{"taxonomy":"post_tag","embeddable":true,"href":"https:\/\/rna.ao\/rna.ao\/wp-json\/wp\/v2\/tags?post=21753"}],"curies":[{"name":"wp","href":"https:\/\/api.w.org\/{rel}","templated":true}]}}