{"id":21742,"date":"2021-04-19T13:49:37","date_gmt":"2021-04-19T12:49:37","guid":{"rendered":"https:\/\/rna.ao\/rna.ao\/?p=21742"},"modified":"2021-04-19T14:30:00","modified_gmt":"2021-04-19T13:30:00","slug":"sete-mortos-e-prejuizos-ainda-por-calcular-sao-os-resultados-da-chuva-que-cai-na-capital-do-pais","status":"publish","type":"post","link":"https:\/\/rna.ao\/rna.ao\/2021\/04\/19\/sete-mortos-e-prejuizos-ainda-por-calcular-sao-os-resultados-da-chuva-que-cai-na-capital-do-pais\/","title":{"rendered":"Sete mortos e preju\u00edzos ainda por calcular s\u00e3o os resultados provis\u00f3rios da chuva na capital do pa\u00eds"},"content":{"rendered":"<p><img loading=\"lazy\" class=\"size-full wp-image-21744 alignleft\" src=\"https:\/\/rna.ao\/rna.ao\/wp-content\/uploads\/2021\/04\/Chuva-Luanda.jpg\" alt=\"\" width=\"287\" height=\"144\" \/>Sete mortos e preju\u00edzos ainda por calcular, s\u00e3o algumas das consequ\u00eancias da chuva que cai, desde a madrugada desta segunda-feira, 19 de Abril, em Luanda.<\/p>\n<p>Vias completamente intransit\u00e1veis, tr\u00e2nsito ca\u00f3tico \u00e9 o cen\u00e1rio da capital do pa\u00eds, no momento da chuva. Foram mais de sete horas de chuva, e de acordo com o balan\u00e7o provis\u00f3rio das autoridades, Talatona, Belas, Cacuaco e Viana s\u00e3o as zonas mais afectadas. Clique no \u00e1udio, abaixo, e saiba mais com o rep\u00f3rter Gabriel Veloso que est\u00e1 no rastro desta destrui\u00e7\u00e3o:<\/p>\n\t<div class=\"qtmplayer-playlist-large\">\n\t\t<ul class=\"qtmplayer-playlist\">\n\t\t\t\n\t\t\t\t\t<li class=\"qtmplayer-trackitem\">\n\t\t<img src=\"https:\/\/rna.ao\/rna.ao\/wp-content\/uploads\/2021\/04\/Chuva-Luanda-100x100.jpg\" alt=\"cover\">\t\t<span \t\t\tdata-qtmplayer-cover=\"https:\/\/rna.ao\/rna.ao\/wp-content\/uploads\/2021\/04\/Chuva-Luanda.jpg\"\n\t\t\t\t\t\tdata-qtmplayer-file=\"https:\/\/rna.ao\/rna.ao\/wp-content\/uploads\/2021\/04\/GABRIEL-VELOSO-19.mp3\"\n\t\t\t\t\t\tdata-qtmplayer-title=\"Sete mortos e preju\u00edzos ainda por calcular s\u00e3o os resultados provis\u00f3rios da chuva na capital do pa\u00eds\"\n\t\t\t\t\t\tdata-qtmplayer-artist=\"RNA\"\n\t\t\t\t\t\tdata-qtmplayer-link=\"https:\/\/rna.ao\/rna.ao\/2021\/04\/19\/sete-mortos-e-prejuizos-ainda-por-calcular-sao-os-resultados-da-chuva-que-cai-na-capital-do-pais\/\"\n\t\t\t\t\t\tdata-qtmplayer-icon=\"file_download\"\n\t\t\t\t\t\tdata-qtmplayer-type=\"track\"\n\t\t\t class=\"qtmplayer-play qtmplayer-link-sec qtmplayer-play-btn\"><i class='material-icons'>play_arrow<\/i><\/span>\n\t\t<p>\n\t\t\t<span class=\"qtmplayer-tit\">Sete mortos e preju\u00edzos ainda por calcular s\u00e3o os resultados provis\u00f3rios da chuva na capital do pa\u00eds<\/span>\n\t\t\t<span class=\"qtmplayer-art\">RNA<\/span>\n\t\t<\/p>\n\t<\/li>\n\t\t<\/ul>\n\t<\/div>\t\t\t\n\t\n<p>Fonte: RNA<\/p>\n","protected":false},"excerpt":{"rendered":"<p>Sete mortos e preju\u00edzos ainda por calcular, s\u00e3o algumas das consequ\u00eancias da chuva que cai, desde a madrugada desta segunda-feira, 19 de Abril, em Luanda. Vias completamente intransit\u00e1veis, tr\u00e2nsito ca\u00f3tico \u00e9 o cen\u00e1rio da capital do pa\u00eds, no momento da chuva. Foram mais de sete horas de chuva, e de ...<\/p>\n","protected":false},"author":8,"featured_media":21744,"comment_status":"closed","ping_status":"closed","sticky":false,"template":"","format":"standard","meta":[],"categories":[141,133,163],"tags":[],"_links":{"self":[{"href":"https:\/\/rna.ao\/rna.ao\/wp-json\/wp\/v2\/posts\/21742"}],"collection":[{"href":"https:\/\/rna.ao\/rna.ao\/wp-json\/wp\/v2\/posts"}],"about":[{"href":"https:\/\/rna.ao\/rna.ao\/wp-json\/wp\/v2\/types\/post"}],"author":[{"embeddable":true,"href":"https:\/\/rna.ao\/rna.ao\/wp-json\/wp\/v2\/users\/8"}],"replies":[{"embeddable":true,"href":"https:\/\/rna.ao\/rna.ao\/wp-json\/wp\/v2\/comments?post=21742"}],"version-history":[{"count":3,"href":"https:\/\/rna.ao\/rna.ao\/wp-json\/wp\/v2\/posts\/21742\/revisions"}],"predecessor-version":[{"id":21761,"href":"https:\/\/rna.ao\/rna.ao\/wp-json\/wp\/v2\/posts\/21742\/revisions\/21761"}],"wp:featuredmedia":[{"embeddable":true,"href":"https:\/\/rna.ao\/rna.ao\/wp-json\/wp\/v2\/media\/21744"}],"wp:attachment":[{"href":"https:\/\/rna.ao\/rna.ao\/wp-json\/wp\/v2\/media?parent=21742"}],"wp:term":[{"taxonomy":"category","embeddable":true,"href":"https:\/\/rna.ao\/rna.ao\/wp-json\/wp\/v2\/categories?post=21742"},{"taxonomy":"post_tag","embeddable":true,"href":"https:\/\/rna.ao\/rna.ao\/wp-json\/wp\/v2\/tags?post=21742"}],"curies":[{"name":"wp","href":"https:\/\/api.w.org\/{rel}","templated":true}]}}