{"id":21720,"date":"2021-04-19T07:53:41","date_gmt":"2021-04-19T06:53:41","guid":{"rendered":"https:\/\/rna.ao\/rna.ao\/?p=21720"},"modified":"2021-04-19T07:53:41","modified_gmt":"2021-04-19T06:53:41","slug":"jornadas-do-dia-do-mineiro-celebradas-com-nova-era-de-exploracao-de-ouro-nas-terras-raras-do-huambo","status":"publish","type":"post","link":"https:\/\/rna.ao\/rna.ao\/2021\/04\/19\/jornadas-do-dia-do-mineiro-celebradas-com-nova-era-de-exploracao-de-ouro-nas-terras-raras-do-huambo\/","title":{"rendered":"Jornadas do Dia do Mineiro celebradas com \u201cnova era\u201d de explora\u00e7\u00e3o de ouro nas terras raras do Huambo"},"content":{"rendered":"<p><img loading=\"lazy\" class=\"size-full wp-image-21723 alignleft\" src=\"https:\/\/rna.ao\/rna.ao\/wp-content\/uploads\/2021\/04\/Mao-cheia-de-ouro.jpg\" alt=\"\" width=\"276\" height=\"180\" \/>O Minist\u00e9rio dos Recursos Minerais Petr\u00f3leo e G\u00e1s realiza a partir desta segunda-feira, 19 at\u00e9 ao dia 27 de Abril, na capital do pa\u00eds, a Jornada do Mineiro, sob o lema: \u201cO Papel do Trabalhador Mineiro no Desenvolvimento Sustent\u00e1vel do Pa\u00eds\u201d.<\/p>\n<p>O porta-voz do evento, Andr\u00e9 Buta, fala sobre o evento, e real\u00e7a a nova era do sector, com o in\u00edcio da explora\u00e7\u00e3o de ouro nas terras raras do Huambo. Clique no \u00e1udio e ou\u00e7a:<\/p>\n\t<div class=\"qtmplayer-playlist-large\">\n\t\t<ul class=\"qtmplayer-playlist\">\n\t\t\t\n\t\t\t\t\t<li class=\"qtmplayer-trackitem\">\n\t\t<img src=\"https:\/\/rna.ao\/rna.ao\/wp-content\/uploads\/2021\/04\/Mao-cheia-de-ouro-100x100.jpg\" alt=\"cover\">\t\t<span \t\t\tdata-qtmplayer-cover=\"https:\/\/rna.ao\/rna.ao\/wp-content\/uploads\/2021\/04\/Mao-cheia-de-ouro.jpg\"\n\t\t\t\t\t\tdata-qtmplayer-file=\"https:\/\/rna.ao\/rna.ao\/wp-content\/uploads\/2021\/04\/ANDRE-BUTA-1-mdy.mp3\"\n\t\t\t\t\t\tdata-qtmplayer-title=\"Jornadas do Dia do Mineiro celebradas com \u201cnova era\u201d de explora\u00e7\u00e3o de ouro nas terras raras do Huambo\"\n\t\t\t\t\t\tdata-qtmplayer-artist=\"RNA\"\n\t\t\t\t\t\tdata-qtmplayer-link=\"https:\/\/rna.ao\/rna.ao\/2021\/04\/19\/jornadas-do-dia-do-mineiro-celebradas-com-nova-era-de-exploracao-de-ouro-nas-terras-raras-do-huambo\/\"\n\t\t\t\t\t\tdata-qtmplayer-icon=\"file_download\"\n\t\t\t\t\t\tdata-qtmplayer-type=\"track\"\n\t\t\t class=\"qtmplayer-play qtmplayer-link-sec qtmplayer-play-btn\"><i class='material-icons'>play_arrow<\/i><\/span>\n\t\t<p>\n\t\t\t<span class=\"qtmplayer-tit\">Jornadas do Dia do Mineiro celebradas com \u201cnova era\u201d de explora\u00e7\u00e3o de ouro nas terras raras do Huambo<\/span>\n\t\t\t<span class=\"qtmplayer-art\">RNA<\/span>\n\t\t<\/p>\n\t<\/li>\n\t\t<\/ul>\n\t<\/div>\t\t\t\n\t\n<p>Andr\u00e9 buta, que falava \u00e0 RNA por ocasi\u00e3o do dia do mineiro, disse, por outro lado, que o nosso pa\u00eds ainda precisa de forma\u00e7\u00e3o de mais quadros nacionais, para o sector das minas. Clique no \u00e1udio e ou\u00e7a:<\/p>\n\t<div class=\"qtmplayer-playlist-large\">\n\t\t<ul class=\"qtmplayer-playlist\">\n\t\t\t\n\t\t\t\t\t<li class=\"qtmplayer-trackitem\">\n\t\t<img src=\"https:\/\/rna.ao\/rna.ao\/wp-content\/uploads\/2021\/04\/Mao-cheia-de-ouro-100x100.jpg\" alt=\"cover\">\t\t<span \t\t\tdata-qtmplayer-cover=\"https:\/\/rna.ao\/rna.ao\/wp-content\/uploads\/2021\/04\/Mao-cheia-de-ouro.jpg\"\n\t\t\t\t\t\tdata-qtmplayer-file=\"https:\/\/rna.ao\/rna.ao\/wp-content\/uploads\/2021\/04\/ANDRE-BUTA-2-mdy.mp3\"\n\t\t\t\t\t\tdata-qtmplayer-title=\"Jornadas do Dia do Mineiro celebradas com \u201cnova era\u201d de explora\u00e7\u00e3o de ouro nas terras raras do Huambo\"\n\t\t\t\t\t\tdata-qtmplayer-artist=\"RNA\"\n\t\t\t\t\t\tdata-qtmplayer-link=\"https:\/\/rna.ao\/rna.ao\/2021\/04\/19\/jornadas-do-dia-do-mineiro-celebradas-com-nova-era-de-exploracao-de-ouro-nas-terras-raras-do-huambo\/\"\n\t\t\t\t\t\tdata-qtmplayer-icon=\"file_download\"\n\t\t\t\t\t\tdata-qtmplayer-type=\"track\"\n\t\t\t class=\"qtmplayer-play qtmplayer-link-sec qtmplayer-play-btn\"><i class='material-icons'>play_arrow<\/i><\/span>\n\t\t<p>\n\t\t\t<span class=\"qtmplayer-tit\">Jornadas do Dia do Mineiro celebradas com \u201cnova era\u201d de explora\u00e7\u00e3o de ouro nas terras raras do Huambo<\/span>\n\t\t\t<span class=\"qtmplayer-art\">RNA<\/span>\n\t\t<\/p>\n\t<\/li>\n\t\t<\/ul>\n\t<\/div>\t\t\t\n\t\n<p>Fonte: RNA<\/p>\n","protected":false},"excerpt":{"rendered":"<p>O Minist\u00e9rio dos Recursos Minerais Petr\u00f3leo e G\u00e1s realiza a partir desta segunda-feira, 19 at\u00e9 ao dia 27 de Abril, na capital do pa\u00eds, a Jornada do Mineiro, sob o lema: \u201cO Papel do Trabalhador Mineiro no Desenvolvimento Sustent\u00e1vel do Pa\u00eds\u201d. O porta-voz do evento, Andr\u00e9 Buta, fala sobre o ...<\/p>\n","protected":false},"author":8,"featured_media":21723,"comment_status":"closed","ping_status":"closed","sticky":false,"template":"","format":"standard","meta":[],"categories":[142,121,163],"tags":[],"_links":{"self":[{"href":"https:\/\/rna.ao\/rna.ao\/wp-json\/wp\/v2\/posts\/21720"}],"collection":[{"href":"https:\/\/rna.ao\/rna.ao\/wp-json\/wp\/v2\/posts"}],"about":[{"href":"https:\/\/rna.ao\/rna.ao\/wp-json\/wp\/v2\/types\/post"}],"author":[{"embeddable":true,"href":"https:\/\/rna.ao\/rna.ao\/wp-json\/wp\/v2\/users\/8"}],"replies":[{"embeddable":true,"href":"https:\/\/rna.ao\/rna.ao\/wp-json\/wp\/v2\/comments?post=21720"}],"version-history":[{"count":2,"href":"https:\/\/rna.ao\/rna.ao\/wp-json\/wp\/v2\/posts\/21720\/revisions"}],"predecessor-version":[{"id":21725,"href":"https:\/\/rna.ao\/rna.ao\/wp-json\/wp\/v2\/posts\/21720\/revisions\/21725"}],"wp:featuredmedia":[{"embeddable":true,"href":"https:\/\/rna.ao\/rna.ao\/wp-json\/wp\/v2\/media\/21723"}],"wp:attachment":[{"href":"https:\/\/rna.ao\/rna.ao\/wp-json\/wp\/v2\/media?parent=21720"}],"wp:term":[{"taxonomy":"category","embeddable":true,"href":"https:\/\/rna.ao\/rna.ao\/wp-json\/wp\/v2\/categories?post=21720"},{"taxonomy":"post_tag","embeddable":true,"href":"https:\/\/rna.ao\/rna.ao\/wp-json\/wp\/v2\/tags?post=21720"}],"curies":[{"name":"wp","href":"https:\/\/api.w.org\/{rel}","templated":true}]}}