{"id":216615,"date":"2026-05-02T08:30:49","date_gmt":"2026-05-02T07:30:49","guid":{"rendered":"https:\/\/rna.ao\/rna.ao\/?p=216615"},"modified":"2026-05-02T08:30:49","modified_gmt":"2026-05-02T07:30:49","slug":"seguradoras-chamadas-a-melhorar-tempo-de-resposta-aos-sinistros","status":"publish","type":"post","link":"https:\/\/rna.ao\/rna.ao\/2026\/05\/02\/seguradoras-chamadas-a-melhorar-tempo-de-resposta-aos-sinistros\/","title":{"rendered":"Seguradoras chamadas a melhorar tempo de resposta aos sinistros"},"content":{"rendered":"<p><img loading=\"lazy\" class=\"alignnone size-full wp-image-144684\" src=\"https:\/\/rna.ao\/rna.ao\/wp-content\/uploads\/2024\/06\/ACIDENTE.jpg\" alt=\"\" width=\"512\" height=\"264\" \/><br \/>\nA redu\u00e7\u00e3o do tempo de resposta aos casos de acidentes constitui um dos maiores desafios das seguradoras.<\/p>\n<p>O entendimento \u00e9 do administrador executivo da Mundial Seguros, Walter Bravo, que defende igualmente a necessidade de as empresas do sector diversificarem os seus produtos.Clique no \u00e1udio abaixo e ou\u00e7a:<\/p>\n\t<div class=\"qtmplayer-playlist-large\">\n\t\t<ul class=\"qtmplayer-playlist\">\n\t\t\t\n\t\t\t\t\t<li class=\"qtmplayer-trackitem\">\n\t\t<img src=\"https:\/\/rna.ao\/rna.ao\/wp-content\/uploads\/2024\/06\/ACIDENTE-100x100.jpg\" alt=\"cover\">\t\t<span \t\t\tdata-qtmplayer-cover=\"https:\/\/rna.ao\/rna.ao\/wp-content\/uploads\/2024\/06\/ACIDENTE.jpg\"\n\t\t\t\t\t\tdata-qtmplayer-file=\"https:\/\/rna.ao\/rna.ao\/wp-content\/uploads\/2026\/05\/WALTER-BRAVO-7HRS.mp3\"\n\t\t\t\t\t\tdata-qtmplayer-title=\"Seguradoras chamadas a melhorar tempo de resposta aos sinistros\"\n\t\t\t\t\t\tdata-qtmplayer-artist=\"Carla Quipungo\"\n\t\t\t\t\t\tdata-qtmplayer-link=\"https:\/\/rna.ao\/rna.ao\/2026\/05\/02\/seguradoras-chamadas-a-melhorar-tempo-de-resposta-aos-sinistros\/\"\n\t\t\t\t\t\tdata-qtmplayer-icon=\"file_download\"\n\t\t\t\t\t\tdata-qtmplayer-type=\"track\"\n\t\t\t class=\"qtmplayer-play qtmplayer-link-sec qtmplayer-play-btn\"><i class='material-icons'>play_arrow<\/i><\/span>\n\t\t<p>\n\t\t\t<span class=\"qtmplayer-tit\">Seguradoras chamadas a melhorar tempo de resposta aos sinistros<\/span>\n\t\t\t<span class=\"qtmplayer-art\">Carla Quipungo<\/span>\n\t\t<\/p>\n\t<\/li>\n\t\t<\/ul>\n\t<\/div>\t\t\t\n\t\n<p>Adriano Elias relata que viu a sua viatura danificada por outro motorista e que o parecer da seguradora s\u00f3 foi emitido mais de 30 dias ap\u00f3s o acidente. Clique no \u00e1udio abaixo e ou\u00e7a :<\/p>\n\t<div class=\"qtmplayer-playlist-large\">\n\t\t<ul class=\"qtmplayer-playlist\">\n\t\t\t\n\t\t\t\t\t<li class=\"qtmplayer-trackitem\">\n\t\t<img src=\"https:\/\/rna.ao\/rna.ao\/wp-content\/uploads\/2024\/06\/ACIDENTE-100x100.jpg\" alt=\"cover\">\t\t<span \t\t\tdata-qtmplayer-cover=\"https:\/\/rna.ao\/rna.ao\/wp-content\/uploads\/2024\/06\/ACIDENTE.jpg\"\n\t\t\t\t\t\tdata-qtmplayer-file=\"https:\/\/rna.ao\/rna.ao\/wp-content\/uploads\/2026\/05\/ADRIANO-ELIAS-7HRS.mp3\"\n\t\t\t\t\t\tdata-qtmplayer-title=\"Seguradoras chamadas a melhorar tempo de resposta aos sinistros\"\n\t\t\t\t\t\tdata-qtmplayer-artist=\"Carla Quipungo\"\n\t\t\t\t\t\tdata-qtmplayer-link=\"https:\/\/rna.ao\/rna.ao\/2026\/05\/02\/seguradoras-chamadas-a-melhorar-tempo-de-resposta-aos-sinistros\/\"\n\t\t\t\t\t\tdata-qtmplayer-icon=\"file_download\"\n\t\t\t\t\t\tdata-qtmplayer-type=\"track\"\n\t\t\t class=\"qtmplayer-play qtmplayer-link-sec qtmplayer-play-btn\"><i class='material-icons'>play_arrow<\/i><\/span>\n\t\t<p>\n\t\t\t<span class=\"qtmplayer-tit\">Seguradoras chamadas a melhorar tempo de resposta aos sinistros<\/span>\n\t\t\t<span class=\"qtmplayer-art\">Carla Quipungo<\/span>\n\t\t<\/p>\n\t<\/li>\n\t\t<\/ul>\n\t<\/div>\t\t\t\n\t\n","protected":false},"excerpt":{"rendered":"<p>A redu\u00e7\u00e3o do tempo de resposta aos casos de acidentes constitui um dos maiores desafios das seguradoras. O entendimento \u00e9 do administrador executivo da Mundial Seguros, Walter Bravo, que defende igualmente a necessidade de as empresas do sector diversificarem os seus produtos.Clique no \u00e1udio abaixo e ou\u00e7a: Adriano Elias relata ...<\/p>\n","protected":false},"author":9,"featured_media":144684,"comment_status":"closed","ping_status":"closed","sticky":false,"template":"","format":"standard","meta":[],"categories":[142,121,163],"tags":[],"_links":{"self":[{"href":"https:\/\/rna.ao\/rna.ao\/wp-json\/wp\/v2\/posts\/216615"}],"collection":[{"href":"https:\/\/rna.ao\/rna.ao\/wp-json\/wp\/v2\/posts"}],"about":[{"href":"https:\/\/rna.ao\/rna.ao\/wp-json\/wp\/v2\/types\/post"}],"author":[{"embeddable":true,"href":"https:\/\/rna.ao\/rna.ao\/wp-json\/wp\/v2\/users\/9"}],"replies":[{"embeddable":true,"href":"https:\/\/rna.ao\/rna.ao\/wp-json\/wp\/v2\/comments?post=216615"}],"version-history":[{"count":1,"href":"https:\/\/rna.ao\/rna.ao\/wp-json\/wp\/v2\/posts\/216615\/revisions"}],"predecessor-version":[{"id":216618,"href":"https:\/\/rna.ao\/rna.ao\/wp-json\/wp\/v2\/posts\/216615\/revisions\/216618"}],"wp:featuredmedia":[{"embeddable":true,"href":"https:\/\/rna.ao\/rna.ao\/wp-json\/wp\/v2\/media\/144684"}],"wp:attachment":[{"href":"https:\/\/rna.ao\/rna.ao\/wp-json\/wp\/v2\/media?parent=216615"}],"wp:term":[{"taxonomy":"category","embeddable":true,"href":"https:\/\/rna.ao\/rna.ao\/wp-json\/wp\/v2\/categories?post=216615"},{"taxonomy":"post_tag","embeddable":true,"href":"https:\/\/rna.ao\/rna.ao\/wp-json\/wp\/v2\/tags?post=216615"}],"curies":[{"name":"wp","href":"https:\/\/api.w.org\/{rel}","templated":true}]}}