{"id":216604,"date":"2026-05-01T22:41:25","date_gmt":"2026-05-01T21:41:25","guid":{"rendered":"https:\/\/rna.ao\/rna.ao\/?p=216604"},"modified":"2026-05-01T22:41:25","modified_gmt":"2026-05-01T21:41:25","slug":"donald-trump-reforca-sancoes-contra-cuba-alegando-que-o-pais-representa-uma-ameaca-extraordinaria-para-a-seguranca-nacional-dos-estados-unidos-cuba-qualifica-medidas-de-ilegais-e-a","status":"publish","type":"post","link":"https:\/\/rna.ao\/rna.ao\/2026\/05\/01\/donald-trump-reforca-sancoes-contra-cuba-alegando-que-o-pais-representa-uma-ameaca-extraordinaria-para-a-seguranca-nacional-dos-estados-unidos-cuba-qualifica-medidas-de-ilegais-e-a\/","title":{"rendered":"Donald Trump refor\u00e7a san\u00e7\u00f5es contra Cuba, alegando que o pa\u00eds representa \u201cuma amea\u00e7a extraordin\u00e1ria\u201d para a seguran\u00e7a nacional dos Estados Unidos. Cuba qualifica medidas de ilegais e abusivas"},"content":{"rendered":"<p><img loading=\"lazy\" class=\"alignnone size-full wp-image-216605\" src=\"https:\/\/rna.ao\/rna.ao\/wp-content\/uploads\/2026\/05\/IMG_8809.jpeg\" alt=\"\" width=\"588\" height=\"393\" \/>O presidente norte-americano, Donald Trump, refor\u00e7ou hoje as san\u00e7\u00f5es contra Cuba, alegando que o pa\u00eds representa \u201cuma amea\u00e7a extraordin\u00e1ria\u201d para a seguran\u00e7a nacional dos Estados Unidos.<\/p>\n<p>As novas san\u00e7\u00f5es, decididas atrav\u00e9s de um decreto presidencial, visam bancos estrangeiros que colaboram com o Governo cubano e imp\u00f5em restri\u00e7\u00f5es em mat\u00e9ria de imigra\u00e7\u00e3o, aumentando a press\u00e3o sobre Havana em plena crise econ\u00f3mica.<\/p>\n<p>Neste decreto, Donald Trump imp\u00f5e san\u00e7\u00f5es contra pessoas e entidades envolvidas nos sectores da energia, das minas e noutros sectores da ilha, bem como contra qualquer pessoa considerada culpada de \u201cgraves viola\u00e7\u00f5es dos direitos humanos\u201d.<\/p>\n<p>Em resposta, o Governo cubano qualificou como \u201cilegais e abusivas\u201d as novas san\u00e7\u00f5es impostas hoje pelo Presidente norte-americano. \u201cReprov\u00e1vel, mas curioso e rid\u00edculo. O Governo dos EUA est\u00e1 alarmado e responde com novas medidas coercivas unilaterais ilegais e abusivas contra Cuba\u201d, escreveu o ministro dos Neg\u00f3cios Estrangeiros cubano, Bruno Rodr\u00edguez, nas redes sociais.<\/p>\n<p>Al\u00e9m disso, Bruno Rodr\u00edguez considerou as novas medidas de Washington uma resposta \u201cao desfile do Dia do Trabalhador com mais de meio milh\u00e3o de cubanos em Havana, encabe\u00e7ado pelo general do Ex\u00e9rcito Ra\u00fal Castro e pelo Presidente, Miguel D\u00edaz-Canel, e \u00e0s assinaturas de seis milh\u00f5es de cubanas e cubanos (81% da popula\u00e7\u00e3o com mais de 16 anos) em defesa da p\u00e1tria sob amea\u00e7a militar, denunciando o bloqueio intensificado e o embargo energ\u00e9tico\u201d.<\/p>\n<p>Washington acusa o Governo cubano de conduzir \u201cpol\u00edticas e pr\u00e1ticas destinadas a prejudicar os Estados Unidos\u201d, contr\u00e1rias \u201caos valores morais e pol\u00edticos das sociedades livres e democr\u00e1ticas\u201d.<\/p>\n<p>Al\u00e9m do embargo norte-americano em vigor desde 1962, Washington imp\u00f5e a Cuba, desde Janeiro, um bloqueio petrol\u00edfero, tendo autorizado, desde ent\u00e3o, apenas a chegada de um \u00fanico petroleiro russo.<\/p>\n","protected":false},"excerpt":{"rendered":"<p>O presidente norte-americano, Donald Trump, refor\u00e7ou hoje as san\u00e7\u00f5es contra Cuba, alegando que o pa\u00eds representa \u201cuma amea\u00e7a extraordin\u00e1ria\u201d para a seguran\u00e7a nacional dos Estados Unidos. As novas san\u00e7\u00f5es, decididas atrav\u00e9s de um decreto presidencial, visam bancos estrangeiros que colaboram com o Governo cubano e imp\u00f5em restri\u00e7\u00f5es em mat\u00e9ria de ...<\/p>\n","protected":false},"author":16,"featured_media":216605,"comment_status":"closed","ping_status":"closed","sticky":false,"template":"","format":"standard","meta":[],"categories":[143,137],"tags":[],"_links":{"self":[{"href":"https:\/\/rna.ao\/rna.ao\/wp-json\/wp\/v2\/posts\/216604"}],"collection":[{"href":"https:\/\/rna.ao\/rna.ao\/wp-json\/wp\/v2\/posts"}],"about":[{"href":"https:\/\/rna.ao\/rna.ao\/wp-json\/wp\/v2\/types\/post"}],"author":[{"embeddable":true,"href":"https:\/\/rna.ao\/rna.ao\/wp-json\/wp\/v2\/users\/16"}],"replies":[{"embeddable":true,"href":"https:\/\/rna.ao\/rna.ao\/wp-json\/wp\/v2\/comments?post=216604"}],"version-history":[{"count":1,"href":"https:\/\/rna.ao\/rna.ao\/wp-json\/wp\/v2\/posts\/216604\/revisions"}],"predecessor-version":[{"id":216606,"href":"https:\/\/rna.ao\/rna.ao\/wp-json\/wp\/v2\/posts\/216604\/revisions\/216606"}],"wp:featuredmedia":[{"embeddable":true,"href":"https:\/\/rna.ao\/rna.ao\/wp-json\/wp\/v2\/media\/216605"}],"wp:attachment":[{"href":"https:\/\/rna.ao\/rna.ao\/wp-json\/wp\/v2\/media?parent=216604"}],"wp:term":[{"taxonomy":"category","embeddable":true,"href":"https:\/\/rna.ao\/rna.ao\/wp-json\/wp\/v2\/categories?post=216604"},{"taxonomy":"post_tag","embeddable":true,"href":"https:\/\/rna.ao\/rna.ao\/wp-json\/wp\/v2\/tags?post=216604"}],"curies":[{"name":"wp","href":"https:\/\/api.w.org\/{rel}","templated":true}]}}